{"id":32141,"date":"2026-08-31T02:36:50","date_gmt":"2026-08-31T05:36:50","guid":{"rendered":"https:\/\/acontecenafronteira.com.br\/?p=32141"},"modified":"2026-08-31T02:36:50","modified_gmt":"2026-08-31T05:36:50","slug":"minas-gerais-registra-mais-de-700-denuncias-de-assedio-eleitoral","status":"publish","type":"post","link":"https:\/\/acontecenafronteira.com.br\/index.php\/2026\/08\/31\/minas-gerais-registra-mais-de-700-denuncias-de-assedio-eleitoral\/","title":{"rendered":"Minas Gerais registra mais de 700 den\u00fancias de ass\u00e9dio eleitoral"},"content":{"rendered":"<p>Minas Gerais registra mais de 700 den\u00fancias de ass\u00e9dio eleitoral Descubra os dados sobre ass\u00e9dio eleitoral em Minas Gerais. MPT j\u00e1 recebeu mais de 700 den\u00fancias desde 2022, envolvendo terror psicol\u00f3gico e amea\u00e7as. O ambiente de trabalho em Minas Gerais tem sido palco de press\u00f5es pol\u00edticas, amea\u00e7as veladas e intimida\u00e7\u00e3o econ\u00f4mica, pr\u00e1ticas que configuram o ass\u00e9dio eleitoral. Desde 2022, o Minist\u00e9rio P\u00fablico do Trabalho no estado (MPT-MG) acumulou 701 den\u00fancias relacionadas a essa conduta abusiva durante per\u00edodos de vota\u00e7\u00e3o. <\/p>\n<h2>Condena\u00e7\u00f5es e impacto da polariza\u00e7\u00e3o<\/h2>\n<p> A gravidade da situa\u00e7\u00e3o levou a puni\u00e7\u00f5es severas na Justi\u00e7a. Em abril, uma f\u00e1brica de estofados situada em Carmo do Cajuru, na regi\u00e3o centro-oeste mineira, foi condenada a pagar R$ 400 mil em danos morais coletivos. A puni\u00e7\u00e3o ocorreu ap\u00f3s a constata\u00e7\u00e3o de coa\u00e7\u00e3o contra funcion\u00e1rios antes do segundo turno de 2022, quando trabalhadores foram reunidos para ouvir conte\u00fado pol\u00edtico favor\u00e1vel a Jair Bolsonaro. Especialistas apontam que a alta polariza\u00e7\u00e3o pol\u00edtica registrada no pleito presidencial de 2022 impulsionou os n\u00fameros, gerando 654 queixas apenas naquele ano. Em contraste, as elei\u00e7\u00f5es municipais de 2024 somaram 34 notifica\u00e7\u00f5es, enquanto o ano de 2026 j\u00e1 contabilizava 13 casos informados. <\/p>\n<h2>O peso do terror psicol\u00f3gico no ambiente corporativo<\/h2>\n<p> Um estudo divulgado pelo Tribunal Superior do Trabalho (TST) e pelo Conselho Superior da Justi\u00e7a do Trabalho (CSJT) detalha como essas press\u00f5es se materializam na pr\u00e1tica. Analisando processos julgados entre maio de 2023 e dezembro de 2025, o levantamento revelou que o terror psicol\u00f3gico est\u00e1 presente em 81,9% dos casos da amostra. Nesse cen\u00e1rio, chefes e empres\u00e1rios criam cen\u00e1rios catastr\u00f3ficos, como o fechamento de postos de trabalho ou crises financeiras caso um candidato espec\u00edfico ven\u00e7a. Al\u00e9m disso, o ass\u00e9dio virtual atinge 67,4% das ocorr\u00eancias, com forte uso do aplicativo WhatsApp para monitoramento de redes sociais, exig\u00eancia de postagens nos status e envio de propaganda partid\u00e1ria. A intimida\u00e7\u00e3o econ\u00f4mica tamb\u00e9m se destaca, aparecendo em 61,7% das an\u00e1lises. <\/p>\n<h2>A sutileza das amea\u00e7as e os limites da lei<\/h2>\n<p> Juristas ressaltam que a coer\u00e7\u00e3o n\u00e3o precisa ser expl\u00edcita ou envolver uma ordem direta de demiss\u00e3o para ser considerada ilegal. O uso da superioridade hier\u00e1rquica e do poder financeiro para moldar a opini\u00e3o do subordinado j\u00e1 caracteriza a infra\u00e7\u00e3o trabalhista. Apesar de o empregador manter sua liberdade de express\u00e3o individual, a linha vermelha \u00e9 ultrapassada quando a opini\u00e3o se transforma em press\u00e3o, aproveitando-se da subordina\u00e7\u00e3o do contrato de trabalho para violar a liberdade pol\u00edtica do cidad\u00e3o. Por Reda\u00e7\u00e3o Acontece Divulga\u00e7\u00e3o\/TST<\/p>\n","protected":false},"excerpt":{"rendered":"<p>Minas Gerais registra mais de 700 den\u00fancias de ass\u00e9dio eleitoral Descubra os dados sobre ass\u00e9dio eleitoral em Minas Gerais. MPT j\u00e1 recebeu mais de 700 den\u00fancias desde 2022, envolvendo terror psicol\u00f3gico e amea\u00e7as. O ambiente de trabalho em Minas Gerais tem sido palco de press\u00f5es pol\u00edticas, amea\u00e7as veladas e intimida\u00e7\u00e3o econ\u00f4mica, pr\u00e1ticas que configuram o [&hellip;]<\/p>\n","protected":false},"author":0,"featured_media":32148,"comment_status":"open","ping_status":"open","sticky":false,"template":"","format":"standard","meta":{"footnotes":""},"categories":[6],"tags":[],"class_list":["post-32141","post","type-post","status-publish","format-standard","has-post-thumbnail","hentry","category-mercosul"],"_links":{"self":[{"href":"https:\/\/acontecenafronteira.com.br\/index.php\/wp-json\/wp\/v2\/posts\/32141","targetHints":{"allow":["GET"]}}],"collection":[{"href":"https:\/\/acontecenafronteira.com.br\/index.php\/wp-json\/wp\/v2\/posts"}],"about":[{"href":"https:\/\/acontecenafronteira.com.br\/index.php\/wp-json\/wp\/v2\/types\/post"}],"replies":[{"embeddable":true,"href":"https:\/\/acontecenafronteira.com.br\/index.php\/wp-json\/wp\/v2\/comments?post=32141"}],"version-history":[{"count":1,"href":"https:\/\/acontecenafronteira.com.br\/index.php\/wp-json\/wp\/v2\/posts\/32141\/revisions"}],"predecessor-version":[{"id":32147,"href":"https:\/\/acontecenafronteira.com.br\/index.php\/wp-json\/wp\/v2\/posts\/32141\/revisions\/32147"}],"wp:featuredmedia":[{"embeddable":true,"href":"https:\/\/acontecenafronteira.com.br\/index.php\/wp-json\/wp\/v2\/media\/32148"}],"wp:attachment":[{"href":"https:\/\/acontecenafronteira.com.br\/index.php\/wp-json\/wp\/v2\/media?parent=32141"}],"wp:term":[{"taxonomy":"category","embeddable":true,"href":"https:\/\/acontecenafronteira.com.br\/index.php\/wp-json\/wp\/v2\/categories?post=32141"},{"taxonomy":"post_tag","embeddable":true,"href":"https:\/\/acontecenafronteira.com.br\/index.php\/wp-json\/wp\/v2\/tags?post=32141"}],"curies":[{"name":"wp","href":"https:\/\/api.w.org\/{rel}","templated":true}]}}