{"id":32130,"date":"2026-08-31T02:36:31","date_gmt":"2026-08-31T05:36:31","guid":{"rendered":"https:\/\/acontecenafronteira.com.br\/?p=32130"},"modified":"2026-08-31T02:36:31","modified_gmt":"2026-08-31T05:36:31","slug":"presidente-da-colombia-pede-desculpas-por-quebrar-laicidade","status":"publish","type":"post","link":"https:\/\/acontecenafronteira.com.br\/index.php\/2026\/08\/31\/presidente-da-colombia-pede-desculpas-por-quebrar-laicidade\/","title":{"rendered":"Presidente da Col\u00f4mbia pede desculpas por quebrar laicidade"},"content":{"rendered":"<p>O presidente da Col\u00f4mbia, Abelardo de la Espriella, emitiu um pedido formal de desculpas neste domingo ap\u00f3s ser obrigado por uma decis\u00e3o judicial a reparar a viola\u00e7\u00e3o do princ\u00edpio de neutralidade religiosa do Estado durante sua cerim\u00f4nia de posse, realizada h\u00e1 tr\u00eas semanas.<\/p>\n<h2>Pol\u00eamica na posse presidencial<\/h2>\n<p>O evento que marcou a chegada do l\u00edder de extrema-direita ao poder contou com a presen\u00e7a de um padre cat\u00f3lico, um rabino e um pastor evang\u00e9lico. A solenidade incluiu c\u00e2nticos, ora\u00e7\u00f5es, gritos de louvor e a exibi\u00e7\u00e3o de um altar de Nossa Senhora de F\u00e1tima, o que motivou a A\u00e7\u00e3o Judicial contra o governo.<\/p>\n<p>Cumprindo a determina\u00e7\u00e3o da Justi\u00e7a, o mandat\u00e1rio utilizou as redes sociais para se retratar perante a popula\u00e7\u00e3o, embora tenha encerrado sua declara\u00e7\u00e3o reafirmando sua f\u00e9 com a frase &#8220;Viva Cristo Rei!&#8221;.<\/p>\n<h2>Defesa da liberdade religiosa e pol\u00eamicas<\/h2>\n<p>Conhecido por suas posi\u00e7\u00f5es conservadoras, o advogado milion\u00e1rio argumentou que a Constitui\u00e7\u00e3o protege tanto a sua liberdade de culto quanto a dos demais cidad\u00e3os, mas reconheceu a necessidade de pedir desculpas caso o ato oficial tenha gerado constrangimentos.<\/p>\n<p>O governante garantiu que, apesar de sua forte identifica\u00e7\u00e3o com o catolicismo e a aproxima\u00e7\u00e3o com l\u00edderes evang\u00e9licos durante a campanha, respeitar\u00e1 rigorosamente a separa\u00e7\u00e3o entre Igreja e Estado e os direitos de todos os credos ou daqueles que n\u00e3o seguem nenhuma religi\u00e3o.<\/p>\n<p>A gest\u00e3o atual enfrenta forte oposi\u00e7\u00e3o devido \u00e0 sua agenda de costumes, que inclui medidas como a permiss\u00e3o para igrejas participarem de estrat\u00e9gias educacionais em escolas p\u00fablicas da Col\u00f4mbia.<\/p>\n<p>Por Reda\u00e7\u00e3o Acontece<\/p>\n<p>Cr\u00e9ditos da imagem: Reprodu\u00e7\u00e3o \/ Redes Sociais<\/p>\n","protected":false},"excerpt":{"rendered":"<p>O presidente da Col\u00f4mbia, Abelardo de la Espriella, emitiu um pedido formal de desculpas neste domingo ap\u00f3s ser obrigado por uma decis\u00e3o judicial a reparar a viola\u00e7\u00e3o do princ\u00edpio de neutralidade religiosa do Estado durante sua cerim\u00f4nia de posse, realizada h\u00e1 tr\u00eas semanas. Pol\u00eamica na posse presidencial O evento que marcou a chegada do l\u00edder [&hellip;]<\/p>\n","protected":false},"author":0,"featured_media":32138,"comment_status":"open","ping_status":"open","sticky":false,"template":"","format":"standard","meta":{"footnotes":""},"categories":[28],"tags":[],"class_list":["post-32130","post","type-post","status-publish","format-standard","has-post-thumbnail","hentry","category-mundo"],"_links":{"self":[{"href":"https:\/\/acontecenafronteira.com.br\/index.php\/wp-json\/wp\/v2\/posts\/32130","targetHints":{"allow":["GET"]}}],"collection":[{"href":"https:\/\/acontecenafronteira.com.br\/index.php\/wp-json\/wp\/v2\/posts"}],"about":[{"href":"https:\/\/acontecenafronteira.com.br\/index.php\/wp-json\/wp\/v2\/types\/post"}],"replies":[{"embeddable":true,"href":"https:\/\/acontecenafronteira.com.br\/index.php\/wp-json\/wp\/v2\/comments?post=32130"}],"version-history":[{"count":1,"href":"https:\/\/acontecenafronteira.com.br\/index.php\/wp-json\/wp\/v2\/posts\/32130\/revisions"}],"predecessor-version":[{"id":32137,"href":"https:\/\/acontecenafronteira.com.br\/index.php\/wp-json\/wp\/v2\/posts\/32130\/revisions\/32137"}],"wp:featuredmedia":[{"embeddable":true,"href":"https:\/\/acontecenafronteira.com.br\/index.php\/wp-json\/wp\/v2\/media\/32138"}],"wp:attachment":[{"href":"https:\/\/acontecenafronteira.com.br\/index.php\/wp-json\/wp\/v2\/media?parent=32130"}],"wp:term":[{"taxonomy":"category","embeddable":true,"href":"https:\/\/acontecenafronteira.com.br\/index.php\/wp-json\/wp\/v2\/categories?post=32130"},{"taxonomy":"post_tag","embeddable":true,"href":"https:\/\/acontecenafronteira.com.br\/index.php\/wp-json\/wp\/v2\/tags?post=32130"}],"curies":[{"name":"wp","href":"https:\/\/api.w.org\/{rel}","templated":true}]}}