{"id":32129,"date":"2026-08-31T02:36:26","date_gmt":"2026-08-31T05:36:26","guid":{"rendered":"https:\/\/acontecenafronteira.com.br\/?p=32129"},"modified":"2026-08-31T02:36:26","modified_gmt":"2026-08-31T05:36:26","slug":"vasco-ganha-moral-apos-vitoria-e-foca-na-copa-do-brasil","status":"publish","type":"post","link":"https:\/\/acontecenafronteira.com.br\/index.php\/2026\/08\/31\/vasco-ganha-moral-apos-vitoria-e-foca-na-copa-do-brasil\/","title":{"rendered":"Vasco ganha moral ap\u00f3s vit\u00f3ria e foca na Copa do Brasil"},"content":{"rendered":"<p>O triunfo convincente sobre o Cruzeiro no \u00faltimo s\u00e1bado serviu para dar f\u00f4lego ao Vasco no Campeonato Brasileiro e elevou a confian\u00e7a do grupo para o decisivo confronto da Copa do Brasil, marcado para a pr\u00f3xima quarta-feira.<\/p>\n<h2>Confian\u00e7a renovada para a sequ\u00eancia da temporada<\/h2>\n<p>O t\u00e9cnico Pedro Emanuel celebrou sua primeira vit\u00f3ria atuando em S\u00e3o Janu\u00e1rio pelo torneio nacional e destacou o impacto positivo do resultado no ambiente interno. Em entrevista coletiva ap\u00f3s a partida, o comandante enfatizou que o sucesso traz energias renovadas, mas tamb\u00e9m aumenta a responsabilidade dos atletas.<\/p>\n<p>O elenco cruz-maltino desfrutou de um dia de descanso ap\u00f3s superar os mineiros por 3 a 1 e retoma as atividades nesta segunda-feira. O foco imediato \u00e9 o duelo contra o Vit\u00f3ria, que acontecer\u00e1 no est\u00e1dio Barrad\u00e3o, em Salvador.<\/p>\n<h2>Vantagem e planejamento para o jogo de volta<\/h2>\n<p>Gra\u00e7as ao placar m\u00ednimo de 1 a 0 constru\u00eddo no Rio de Janeiro na semana passada, o time carioca precisa apenas de um empate no Nordeste para garantir vaga nas semifinais da competi\u00e7\u00e3o mata-mata pela terceira temporada consecutiva. Quem avan\u00e7ar enfrentar\u00e1 o vencedor do cl\u00e1ssico paulista entre Palmeiras e Santos.<\/p>\n<p>A delega\u00e7\u00e3o realizar\u00e1 dois dias de treinamentos no CT antes de embarcar para a capital baiana na ter\u00e7a-feira. A bola rolar\u00e1 para a decis\u00e3o na quarta-feira, a partir das 21h30.<\/p>\n<h2>Situa\u00e7\u00e3o do departamento m\u00e9dico e desfalques<\/h2>\n<p>Para este compromisso crucial, a comiss\u00e3o t\u00e9cnica deve contar com praticamente todo o grupo titular \u00e0 disposi\u00e7\u00e3o. As \u00fanicas aus\u00eancias confirmadas s\u00e3o o volante Cauan Barros, que cumpre suspens\u00e3o ap\u00f3s receber cart\u00e3o vermelho na partida de ida, al\u00e9m de Jair e Brenner, entregues aos cuidados do departamento m\u00e9dico.<\/p>\n<p>Com o moral em alta e a vantagem no agregado, o clube carioca busca manter o ritmo forte para avan\u00e7ar de fase e continuar sonhando com o t\u00edtulo nacional.<\/p>\n<p>Por Reda\u00e7\u00e3o Acontece<\/p>\n<p>Foto: Divulga\u00e7\u00e3o\/Vasco<\/p>\n","protected":false},"excerpt":{"rendered":"<p>O triunfo convincente sobre o Cruzeiro no \u00faltimo s\u00e1bado serviu para dar f\u00f4lego ao Vasco no Campeonato Brasileiro e elevou a confian\u00e7a do grupo para o decisivo confronto da Copa do Brasil, marcado para a pr\u00f3xima quarta-feira. Confian\u00e7a renovada para a sequ\u00eancia da temporada O t\u00e9cnico Pedro Emanuel celebrou sua primeira vit\u00f3ria atuando em S\u00e3o [&hellip;]<\/p>\n","protected":false},"author":0,"featured_media":32136,"comment_status":"open","ping_status":"open","sticky":false,"template":"","format":"standard","meta":{"footnotes":""},"categories":[28],"tags":[],"class_list":["post-32129","post","type-post","status-publish","format-standard","has-post-thumbnail","hentry","category-mundo"],"_links":{"self":[{"href":"https:\/\/acontecenafronteira.com.br\/index.php\/wp-json\/wp\/v2\/posts\/32129","targetHints":{"allow":["GET"]}}],"collection":[{"href":"https:\/\/acontecenafronteira.com.br\/index.php\/wp-json\/wp\/v2\/posts"}],"about":[{"href":"https:\/\/acontecenafronteira.com.br\/index.php\/wp-json\/wp\/v2\/types\/post"}],"replies":[{"embeddable":true,"href":"https:\/\/acontecenafronteira.com.br\/index.php\/wp-json\/wp\/v2\/comments?post=32129"}],"version-history":[{"count":1,"href":"https:\/\/acontecenafronteira.com.br\/index.php\/wp-json\/wp\/v2\/posts\/32129\/revisions"}],"predecessor-version":[{"id":32135,"href":"https:\/\/acontecenafronteira.com.br\/index.php\/wp-json\/wp\/v2\/posts\/32129\/revisions\/32135"}],"wp:featuredmedia":[{"embeddable":true,"href":"https:\/\/acontecenafronteira.com.br\/index.php\/wp-json\/wp\/v2\/media\/32136"}],"wp:attachment":[{"href":"https:\/\/acontecenafronteira.com.br\/index.php\/wp-json\/wp\/v2\/media?parent=32129"}],"wp:term":[{"taxonomy":"category","embeddable":true,"href":"https:\/\/acontecenafronteira.com.br\/index.php\/wp-json\/wp\/v2\/categories?post=32129"},{"taxonomy":"post_tag","embeddable":true,"href":"https:\/\/acontecenafronteira.com.br\/index.php\/wp-json\/wp\/v2\/tags?post=32129"}],"curies":[{"name":"wp","href":"https:\/\/api.w.org\/{rel}","templated":true}]}}