{"id":32128,"date":"2026-08-31T02:36:13","date_gmt":"2026-08-31T05:36:13","guid":{"rendered":"https:\/\/acontecenafronteira.com.br\/?p=32128"},"modified":"2026-08-31T02:36:13","modified_gmt":"2026-08-31T05:36:13","slug":"xerf-conheca-o-tratamento-de-pele-queridinho-de-kim-kardashian","status":"publish","type":"post","link":"https:\/\/acontecenafronteira.com.br\/index.php\/2026\/08\/31\/xerf-conheca-o-tratamento-de-pele-queridinho-de-kim-kardashian\/","title":{"rendered":"XERF: Conhe\u00e7a o tratamento de pele queridinho de Kim Kardashian"},"content":{"rendered":"<p>XERF: Conhe\u00e7a o tratamento de pele queridinho de Kim Kardashian Descubra o XERF, tratamento de radiofrequ\u00eancia sul-coreano que conquistou Kim Kardashian e promete combater a flacidez sem cirurgia. Leia mais. A influenciadora Kim Kardashian e a atriz Priyanka Chopra colocaram os holofotes internacionais sobre o <b>XERF<\/b>, um inovador tratamento de radiofrequ\u00eancia de origem sul-coreana voltado para o rejuvenescimento facial. <\/p>\n<h2>Como funciona a tecnologia sul-coreana<\/h2>\n<p> O m\u00e9todo diferencia-se das t\u00e9cnicas tradicionais por associar duas frequ\u00eancias distintas de energia t\u00e9rmica em uma \u00fanica aplica\u00e7\u00e3o. Essa dualidade possibilita atingir diferentes profundidades do tecido cut\u00e2neo simultaneamente, promovendo um aquecimento controlado que estimula a <b>remodela\u00e7\u00e3o do col\u00e1geno<\/b> de forma gradual. <\/p>\n<h2>Vantagens e cuidados do procedimento<\/h2>\n<p> Por ser um procedimento n\u00e3o invasivo que dispensa o uso de agulhas, o XERF atrai pacientes que buscam amenizar a flacidez sem a necessidade de um <b>lifting cir\u00fargico<\/b> ou de longos per\u00edodos de repouso. Contudo, especialistas alertam que efeitos colaterais passageiros, como vermelhid\u00e3o e sensa\u00e7\u00e3o de calor, podem surgir dependendo da sensibilidade individual. <\/p>\n<h2>Impacto na estrutura facial e volume<\/h2>\n<p> Uma das principais d\u00favidas nos consult\u00f3rios refere-se ao efeito da energia t\u00e9rmica em peles com perda de volume. Como a anatomia facial varia muito entre os pacientes, a intensidade e a profundidade da aplica\u00e7\u00e3o precisam ser rigorosamente personalizadas para preservar a estrutura do rosto. <\/p>\n<h2>Expectativas versus realidade nas cl\u00ednicas<\/h2>\n<p> Embora a repercuss\u00e3o nas redes sociais impulsione a curiosidade em torno da novidade, dermatologistas lembram que a popularidade digital n\u00e3o substitui a avalia\u00e7\u00e3o m\u00e9dica individualizada. Os resultados dependem da qualidade da pele e da idade, n\u00e3o havendo garantia de efic\u00e1cia id\u00eantica \u00e0 obtida por celebridades. A chegada da tecnologia ao mercado nacional acompanha a alta procura por tratamentos est\u00e9ticos preventivos e minimamente invasivos. Contudo, antes de aderir a qualquer tend\u00eancia internacional, o mais recomendado \u00e9 consultar um profissional para avaliar as reais necessidades do seu rosto. Por Reda\u00e7\u00e3o Acontece Reprodu\u00e7\u00e3o Instagram<\/p>\n","protected":false},"excerpt":{"rendered":"<p>XERF: Conhe\u00e7a o tratamento de pele queridinho de Kim Kardashian Descubra o XERF, tratamento de radiofrequ\u00eancia sul-coreano que conquistou Kim Kardashian e promete combater a flacidez sem cirurgia. Leia mais. A influenciadora Kim Kardashian e a atriz Priyanka Chopra colocaram os holofotes internacionais sobre o XERF, um inovador tratamento de radiofrequ\u00eancia de origem sul-coreana voltado [&hellip;]<\/p>\n","protected":false},"author":0,"featured_media":32134,"comment_status":"open","ping_status":"open","sticky":false,"template":"","format":"standard","meta":{"footnotes":""},"categories":[28],"tags":[],"class_list":["post-32128","post","type-post","status-publish","format-standard","has-post-thumbnail","hentry","category-mundo"],"_links":{"self":[{"href":"https:\/\/acontecenafronteira.com.br\/index.php\/wp-json\/wp\/v2\/posts\/32128","targetHints":{"allow":["GET"]}}],"collection":[{"href":"https:\/\/acontecenafronteira.com.br\/index.php\/wp-json\/wp\/v2\/posts"}],"about":[{"href":"https:\/\/acontecenafronteira.com.br\/index.php\/wp-json\/wp\/v2\/types\/post"}],"replies":[{"embeddable":true,"href":"https:\/\/acontecenafronteira.com.br\/index.php\/wp-json\/wp\/v2\/comments?post=32128"}],"version-history":[{"count":1,"href":"https:\/\/acontecenafronteira.com.br\/index.php\/wp-json\/wp\/v2\/posts\/32128\/revisions"}],"predecessor-version":[{"id":32133,"href":"https:\/\/acontecenafronteira.com.br\/index.php\/wp-json\/wp\/v2\/posts\/32128\/revisions\/32133"}],"wp:featuredmedia":[{"embeddable":true,"href":"https:\/\/acontecenafronteira.com.br\/index.php\/wp-json\/wp\/v2\/media\/32134"}],"wp:attachment":[{"href":"https:\/\/acontecenafronteira.com.br\/index.php\/wp-json\/wp\/v2\/media?parent=32128"}],"wp:term":[{"taxonomy":"category","embeddable":true,"href":"https:\/\/acontecenafronteira.com.br\/index.php\/wp-json\/wp\/v2\/categories?post=32128"},{"taxonomy":"post_tag","embeddable":true,"href":"https:\/\/acontecenafronteira.com.br\/index.php\/wp-json\/wp\/v2\/tags?post=32128"}],"curies":[{"name":"wp","href":"https:\/\/api.w.org\/{rel}","templated":true}]}}