{"id":32127,"date":"2026-08-31T02:36:06","date_gmt":"2026-08-31T05:36:06","guid":{"rendered":"https:\/\/acontecenafronteira.com.br\/?p=32127"},"modified":"2026-08-31T02:36:06","modified_gmt":"2026-08-31T05:36:06","slug":"argelia-quer-pena-de-morte-para-incendios-florestais","status":"publish","type":"post","link":"https:\/\/acontecenafronteira.com.br\/index.php\/2026\/08\/31\/argelia-quer-pena-de-morte-para-incendios-florestais\/","title":{"rendered":"Arg\u00e9lia quer pena de morte para inc\u00eandios florestais"},"content":{"rendered":"<p>O governo da Arg\u00e9lia anunciou planos para retomar as execu\u00e7\u00f5es de criminosos condenados por provocar <strong>inc\u00eandios florestais<\/strong> no territ\u00f3rio nacional. A medida foi revelada pelo chefe de Estado ap\u00f3s uma trag\u00e9dia ambiental que resultou em dezenas de v\u00edtimas no norte e no leste do pa\u00eds.<\/p>\n<h2>Mudan\u00e7a urgente no C\u00f3digo Penal argelino<\/h2>\n<p>Durante um encontro oficial com o titular da Justi\u00e7a, o presidente Abdelmadjid Tebboune determinou a elabora\u00e7\u00e3o de uma <strong>revis\u00e3o legislativa<\/strong> at\u00e9 a metade de setembro. A proposta visa alterar o C\u00f3digo Penal para punir com o extremo rigor aqueles que provocarem o fogo de forma intencional.<\/p>\n<p>Embora a puni\u00e7\u00e3o capital esteja prevista na legisla\u00e7\u00e3o do pa\u00eds norte-africano, existe uma morat\u00f3ria oficial aplicada desde o ano de 1993. A ideia do governo \u00e9 que o texto seja aprovado rapidamente pelos ministros e enviado para vota\u00e7\u00e3o no Parlamento.<\/p>\n<h2>V\u00edtimas e luto nacional pelas chamas<\/h2>\n<p>As chamas que consumiram a regi\u00e3o nordeste argelina gerou profunda indigna\u00e7\u00e3o p\u00fablica. Como resposta \u00e0 trag\u00e9dia, o governo decretou um per\u00edodo de <strong>luto oficial<\/strong> de tr\u00eas dias, al\u00e9m de suspender todas as atividades culturais e competi\u00e7\u00f5es esportivas programadas.<\/p>\n<p>Balan\u00e7os divulgados por \u00f3rg\u00e3os governamentais apontam que pelo menos 12 cidad\u00e3os perderam a vida e muitos outros sofreram ferimentos graves. Existe um temor real de que o balan\u00e7o de fatalidades cres\u00e7a nas pr\u00f3ximas horas, enquanto as for\u00e7as de seguran\u00e7a j\u00e1 efetuaram a pris\u00e3o de diversos suspeitos de iniciar os focos.<\/p>\n<h2>Fatores clim\u00e1ticos extremos<\/h2>\n<p>A r\u00e1pida propaga\u00e7\u00e3o das chamas foi impulsionada por rajadas de vento intensas e por uma severa <strong>onda de calor<\/strong>. Tais condi\u00e7\u00f5es extremas t\u00eam se tornado mais frequentes devido \u00e0 seca prolongada, cen\u00e1rio diretamente associado \u00e0s altera\u00e7\u00f5es clim\u00e1ticas provocadas pelas atividades humanas.<\/p>\n<p>Por Reda\u00e7\u00e3o Acontece<\/p>\n<p>Foto: Divulga\u00e7\u00e3o \/ Governo da Arg\u00e9lia<\/p>\n","protected":false},"excerpt":{"rendered":"<p>O governo da Arg\u00e9lia anunciou planos para retomar as execu\u00e7\u00f5es de criminosos condenados por provocar inc\u00eandios florestais no territ\u00f3rio nacional. A medida foi revelada pelo chefe de Estado ap\u00f3s uma trag\u00e9dia ambiental que resultou em dezenas de v\u00edtimas no norte e no leste do pa\u00eds. Mudan\u00e7a urgente no C\u00f3digo Penal argelino Durante um encontro oficial [&hellip;]<\/p>\n","protected":false},"author":0,"featured_media":32132,"comment_status":"open","ping_status":"open","sticky":false,"template":"","format":"standard","meta":{"footnotes":""},"categories":[28],"tags":[],"class_list":["post-32127","post","type-post","status-publish","format-standard","has-post-thumbnail","hentry","category-mundo"],"_links":{"self":[{"href":"https:\/\/acontecenafronteira.com.br\/index.php\/wp-json\/wp\/v2\/posts\/32127","targetHints":{"allow":["GET"]}}],"collection":[{"href":"https:\/\/acontecenafronteira.com.br\/index.php\/wp-json\/wp\/v2\/posts"}],"about":[{"href":"https:\/\/acontecenafronteira.com.br\/index.php\/wp-json\/wp\/v2\/types\/post"}],"replies":[{"embeddable":true,"href":"https:\/\/acontecenafronteira.com.br\/index.php\/wp-json\/wp\/v2\/comments?post=32127"}],"version-history":[{"count":1,"href":"https:\/\/acontecenafronteira.com.br\/index.php\/wp-json\/wp\/v2\/posts\/32127\/revisions"}],"predecessor-version":[{"id":32131,"href":"https:\/\/acontecenafronteira.com.br\/index.php\/wp-json\/wp\/v2\/posts\/32127\/revisions\/32131"}],"wp:featuredmedia":[{"embeddable":true,"href":"https:\/\/acontecenafronteira.com.br\/index.php\/wp-json\/wp\/v2\/media\/32132"}],"wp:attachment":[{"href":"https:\/\/acontecenafronteira.com.br\/index.php\/wp-json\/wp\/v2\/media?parent=32127"}],"wp:term":[{"taxonomy":"category","embeddable":true,"href":"https:\/\/acontecenafronteira.com.br\/index.php\/wp-json\/wp\/v2\/categories?post=32127"},{"taxonomy":"post_tag","embeddable":true,"href":"https:\/\/acontecenafronteira.com.br\/index.php\/wp-json\/wp\/v2\/tags?post=32127"}],"curies":[{"name":"wp","href":"https:\/\/api.w.org\/{rel}","templated":true}]}}