{"id":3212,"date":"2021-12-01T10:28:00","date_gmt":"2021-12-01T13:28:00","guid":{"rendered":"https:\/\/acontecenafronteira.com.br\/?p=3212"},"modified":"2021-12-01T10:28:01","modified_gmt":"2021-12-01T13:28:01","slug":"unila-inaugura-alojamento-estudantil-para-atendimento-a-250-estudantes","status":"publish","type":"post","link":"https:\/\/acontecenafronteira.com.br\/index.php\/2021\/12\/01\/unila-inaugura-alojamento-estudantil-para-atendimento-a-250-estudantes\/","title":{"rendered":"UNILA inaugura alojamento estudantil para atendimento a 250 estudantes"},"content":{"rendered":"\n<h4 class=\"wp-block-heading\"><em><strong>&nbsp;<\/strong><\/em>&nbsp;<\/h4>\n\n\n\n<p>A UNILA inaugurou nesta ter\u00e7a-feira (30) o Alojamento Estudantil, espa\u00e7o que receber\u00e1 estudantes com necessidade de apoio \u00e0 moradia quando de seu ingresso na Universidade. O pr\u00e9dio teve investimento de R$ 20 milh\u00f5es e tem capacidade para abrigar, inicialmente, 250 estudantes. Os primeiros moradores devem ocupar os apartamentos em janeiro de 2022.<\/p>\n\n\n\n<p>O reitor da UNILA, Gleisson Brito, destacou o fato de o alojamento ser uma importante ferramenta para a perman\u00eancia de estudantes em situa\u00e7\u00e3o de vulnerabilidade socioecon\u00f4mica. \u201cUma infraestrutura fant\u00e1stica, um potencial enorme em termos de consolida\u00e7\u00e3o das pol\u00edticas de perman\u00eancia estudantil e de acolhimento dos nossos estudantes. Portanto, contribui com nossa miss\u00e3o institucional, com nossa miss\u00e3o integracionista\u201d, discursou na solenidade de inaugura\u00e7\u00e3o, que teve a presen\u00e7a de estudantes, servidores t\u00e9cnico-administrativos, trabalhadores terceirizados e docentes, al\u00e9m do servidor da UNILA e vereador, Kalito Stoeckl, representando a presid\u00eancia da C\u00e2mara de Foz do Igua\u00e7u; e do professor Roberto Piano, representando o deputado federal Zeca Dirceu, autor de emenda de R$ 200 mil destinada ao alojamento.<\/p>\n\n\n\n<p>O reitor tamb\u00e9m lembrou que todas as gest\u00f5es da Universidade trabalharam para que o pr\u00e9dio do alojamento pudesse ser constru\u00eddo. \u201cHoje, n\u00f3s temos a honra de poder consolidar essa atividade. Mas essa atividade \u00e9 devida a uma quantidade imensa de pessoas, inclusive muitos que j\u00e1 n\u00e3o est\u00e3o na UNILA conosco, mas a quem devemos muito pelo trabalho e esp\u00edrito institucional que tiveram em diferentes momentos\u201d, afirmou.<\/p>\n\n\n\n<p>Brito tamb\u00e9m salientou que a inaugura\u00e7\u00e3o do Alojamento Estudantil marca o in\u00edcio da consolida\u00e7\u00e3o do campus Integra\u00e7\u00e3o, que futuramente deve abrigar as atividades da Universidade. Ele citou a constru\u00e7\u00e3o do primeiro bloco de aulas, que deve ser entregue em 2022, e as obras do segundo bloco, que permitir\u00e1 o atendimento de 2.500 pessoas por turno. \u201cA expectativa \u00e9 de, em 3 ou 4 anos, a UNILA chegar a quase 100% de autonomia em infraestrutura.\u201d<\/p>\n\n\n\n<p>Para os estudantes que ir\u00e3o usufruir das instala\u00e7\u00f5es, o reitor desejou que o espa\u00e7o seja voltado \u00e0 conviv\u00eancia. \u201cFa\u00e7o votos de que este seja um espa\u00e7o de conviv\u00eancia, de acolhimento, que voc\u00eas possam aqui viver de maneira muito intensa a integra\u00e7\u00e3o latino-americana, que possam construir aqui a cultura do cuidado com o bem comum. Afinal de contas, este vai ser durante algum tempo o local de morada de voc\u00eas, e que a gente fa\u00e7a este espa\u00e7o ser muito vivo e com muitas atividades.\u201d<\/p>\n\n\n\n<p>Maria de Lourdes Aquino Echeguren falou em nome dos estudantes. Ela agradeceu aos movimentos estudantis que lutaram para que o alojamento fosse constru\u00eddo. \u201cQuando decidimos vir de lugares t\u00e3o remotos do Brasil, assim como de outros pa\u00edses latino-americanos e do Caribe, s\u00f3 \u00e9 poss\u00edvel nos sustentar com estabilidade, com apoio direto \u00e0 perman\u00eancia estudantil. Por isso, quero agradecer \u00e0queles que lutaram incessantemente para estarmos aqui neste lugar\u201d, disse. Ela tamb\u00e9m agradeceu aos respons\u00e1veis pela constru\u00e7\u00e3o. \u201cAgrade\u00e7o em nome de todos os que compartilham o sonho de sermos unileiros\u201d, disse. \u201cConvido a voc\u00eas para que tornem este um espa\u00e7o comunit\u00e1rio, onde a constru\u00e7\u00e3o de v\u00ednculos entre os moradores e a comunidade estudantil unileira seja fortalecida, espa\u00e7os seguros e abertos para manifesta\u00e7\u00f5es culturais e desportivas. Que seja a casa c\u00e1lida que deixamos para tr\u00e1s para perseguir um sonho onde a Am\u00e9rica Latina seja uma s\u00f3.\u201d<\/p>\n\n\n\n<p>A Pr\u00f3-Reitoria de Assuntos Estudantis (PRAE) \u00e9 a respons\u00e1vel pela administra\u00e7\u00e3o do Alojamento Estudantil e pela sele\u00e7\u00e3o dos estudantes que ir\u00e3o utilizar o local como moradia provis\u00f3ria. Em sua fala, a pr\u00f3-reitora de Assuntos Estudantis, Jorgelina Tallei, citou o poema \u201cOs ningu\u00e9ns\u201d, de Eduardo Galeano. \u201c\u2018Que n\u00e3o s\u00e3o seres humanos, s\u00e3o recursos humanos. Que n\u00e3o t\u00eam cara, t\u00eam bra\u00e7os. Que n\u00e3o t\u00eam nome, t\u00eam n\u00famero. Que n\u00e3o aparecem na hist\u00f3ria universal, aparecem nas p\u00e1ginas policiais da imprensa local.\u2019 Aqui na Universidade, os ningu\u00e9ns t\u00eam nome, cara e hist\u00f3ria. Por e para eles e elas trabalhamos e trabalharam t\u00e9cnicos, docentes, estudantes \u2013 muitos desses est\u00e3o aqui \u2013 e trabalhamos na defesa deste alojamento, desta universidade. N\u00e3o como um projeto pessoal, mas como um projeto coletivo\u201d, apontou. \u201cEspero que possamos avan\u00e7ar para que este lugar se transforme em afeto e conhecimento, de saber plural, de saberes diversos e de lugares de mem\u00f3ria e de pertencimento.\u201d<\/p>\n\n\n\n<p><strong>O pr\u00e9dio<\/strong><\/p>\n\n\n\n<p>O alojamento \u00e9 composto por tr\u00eas blocos de edif\u00edcios, cada um com tr\u00eas pavimentos e elevador. S\u00e3o 144 apartamentos de 17,32 metros quadrados. O alojamento tem capacidade para receber 250 pessoas, sendo metade das vagas destinada a estudantes provenientes dos demais pa\u00edses da Am\u00e9rica Latina e Caribe.<\/p>\n\n\n\n<p>Al\u00e9m dos quartos, com camas, arm\u00e1rios, banheiros e outros equipamentos, o alojamento possui biblioteca, sal\u00e3o para eventos, sala de conviv\u00eancia, cozinha e lavanderia comunit\u00e1rias, entre outros ambientes. Respons\u00e1vel pelas obras, o secret\u00e1rio de Implanta\u00e7\u00e3o do Campus, Aref Kzam, lembrou que houve dificuldades na constru\u00e7\u00e3o e que houve a necessidade de equipar todos os ambientes. \u201cHoje, com satisfa\u00e7\u00e3o, recebemos definitivamente a obra do alojamento. Tentamos fazer com que de fato se reproduzisse um ambiente saud\u00e1vel, para que os nossos estudantes pudessem se alojar aqui a princ\u00edpio e usufruir da Universidade da melhor maneira poss\u00edvel.\u201d&nbsp;Os pr\u00e9dios, com a implanta\u00e7\u00e3o dos equipamentos necess\u00e1rios para abrigar os estudantes, foram finalizados em mar\u00e7o de 2020, mas, em raz\u00e3o da pandemia e das medidas de restri\u00e7\u00e3o sanit\u00e1ria, permaneceram fechados at\u00e9 agora.<\/p>\n\n\n\n<p>O alojamento \u2013 diferente de moradia estudantil \u2013 tem car\u00e1ter tempor\u00e1rio. Ou seja, destina-se a estudantes que precisam de apoio \u00e0 moradia em seu primeiro ano na Universidade. \u201cNo momento, n\u00e3o temos a possibilidade de abrigar estudantes por todo o tempo de curso, porque n\u00e3o ter\u00edamos como acolher os ingressantes dos pr\u00f3ximos anos devido \u00e0 restri\u00e7\u00e3o de vagas\u201d, explica Jorgelina Tallei. Futuramente, o alojamento poder\u00e1 se transformar em moradia, mas ser\u00e1 necess\u00e1rio que o n\u00famero de estudantes que se formem seja o mesmo do n\u00famero de vagas. Isso deve acontecer em cinco anos. \u201cA comunidade entende que o ideal \u00e9 que fosse uma Casa do Estudante, mas, no momento, precisamos atender aqueles que chegam, que n\u00e3o conhecem a cidade e que n\u00e3o conseguem se estabelecer tranquilamente\u201d, completa. A ideia \u00e9 que, passado o primeiro ano de acolhimento, o estudante tenha a possibilidade de formar rep\u00fablicas ou buscar o aluguel de um im\u00f3vel. Para isso, a PRAE ir\u00e1 continuar a oferecer aux\u00edlios-moradia.<\/p>\n\n\n\n<p>Outro aspecto a ser destacado \u00e9 que a abertura do alojamento n\u00e3o vai finalizar a assist\u00eancia estudantil com aux\u00edlio-moradia, ao contr\u00e1rio, vai permitir a amplia\u00e7\u00e3o desse atendimento. \u201cTeremos mais recursos em dinheiro para atender outros estudantes.\u201d<\/p>\n\n\n\n<p>Os primeiros estudantes acolhidos ter\u00e3o um tempo um pouco menor no alojamento em raz\u00e3o das dificuldades causadas pela pandemia, que obrigou a uma adequa\u00e7\u00e3o do calend\u00e1rio acad\u00eamico. O previsto \u00e9 realizar o atendimento para novos ingressantes em agosto de 2022.<\/p>\n\n\n\n<figure class=\"wp-block-gallery columns-3 is-cropped wp-block-gallery-1 is-layout-flex wp-block-gallery-is-layout-flex\"><ul class=\"blocks-gallery-grid\"><li class=\"blocks-gallery-item\"><figure><a href=\"https:\/\/acontecenafronteira.com.br\/wp-content\/uploads\/2021\/12\/descerramento-da-placa.jpg?v=1638365269\"><img loading=\"lazy\" decoding=\"async\" width=\"799\" height=\"533\" src=\"https:\/\/acontecenafronteira.com.br\/wp-content\/uploads\/2021\/12\/descerramento-da-placa.jpg\" alt=\"\" data-id=\"3213\" data-full-url=\"https:\/\/acontecenafronteira.com.br\/wp-content\/uploads\/2021\/12\/descerramento-da-placa.jpg?v=1638365269\" data-link=\"https:\/\/acontecenafronteira.com.br\/?attachment_id=3213\" class=\"wp-image-3213\" srcset=\"https:\/\/acontecenafronteira.com.br\/wp-content\/uploads\/2021\/12\/descerramento-da-placa.jpg?v=1638365269 799w, https:\/\/acontecenafronteira.com.br\/wp-content\/uploads\/2021\/12\/descerramento-da-placa-300x200.jpg?v=1638365269 300w, https:\/\/acontecenafronteira.com.br\/wp-content\/uploads\/2021\/12\/descerramento-da-placa-768x512.jpg?v=1638365269 768w\" sizes=\"auto, (max-width: 799px) 100vw, 799px\" \/><\/a><\/figure><\/li><li class=\"blocks-gallery-item\"><figure><a href=\"https:\/\/acontecenafronteira.com.br\/wp-content\/uploads\/2021\/12\/Gleisson-Brito.jpg?v=1638365270\"><img loading=\"lazy\" decoding=\"async\" width=\"799\" height=\"533\" src=\"https:\/\/acontecenafronteira.com.br\/wp-content\/uploads\/2021\/12\/Gleisson-Brito.jpg\" alt=\"\" data-id=\"3214\" data-full-url=\"https:\/\/acontecenafronteira.com.br\/wp-content\/uploads\/2021\/12\/Gleisson-Brito.jpg?v=1638365270\" data-link=\"https:\/\/acontecenafronteira.com.br\/?attachment_id=3214\" class=\"wp-image-3214\" srcset=\"https:\/\/acontecenafronteira.com.br\/wp-content\/uploads\/2021\/12\/Gleisson-Brito.jpg?v=1638365270 799w, https:\/\/acontecenafronteira.com.br\/wp-content\/uploads\/2021\/12\/Gleisson-Brito-300x200.jpg?v=1638365270 300w, https:\/\/acontecenafronteira.com.br\/wp-content\/uploads\/2021\/12\/Gleisson-Brito-768x512.jpg?v=1638365270 768w\" sizes=\"auto, (max-width: 799px) 100vw, 799px\" \/><\/a><\/figure><\/li><li class=\"blocks-gallery-item\"><figure><a href=\"https:\/\/acontecenafronteira.com.br\/wp-content\/uploads\/2021\/12\/quartos.jpg?v=1638365270\"><img loading=\"lazy\" decoding=\"async\" width=\"799\" height=\"533\" src=\"https:\/\/acontecenafronteira.com.br\/wp-content\/uploads\/2021\/12\/quartos.jpg\" alt=\"\" data-id=\"3215\" data-full-url=\"https:\/\/acontecenafronteira.com.br\/wp-content\/uploads\/2021\/12\/quartos.jpg?v=1638365270\" data-link=\"https:\/\/acontecenafronteira.com.br\/?attachment_id=3215\" class=\"wp-image-3215\" srcset=\"https:\/\/acontecenafronteira.com.br\/wp-content\/uploads\/2021\/12\/quartos.jpg?v=1638365270 799w, https:\/\/acontecenafronteira.com.br\/wp-content\/uploads\/2021\/12\/quartos-300x200.jpg?v=1638365270 300w, https:\/\/acontecenafronteira.com.br\/wp-content\/uploads\/2021\/12\/quartos-768x512.jpg?v=1638365270 768w\" sizes=\"auto, (max-width: 799px) 100vw, 799px\" \/><\/a><\/figure><\/li><\/ul><\/figure>\n","protected":false},"excerpt":{"rendered":"<p>&nbsp;&nbsp; A UNILA inaugurou nesta ter\u00e7a-feira (30) o Alojamento Estudantil, espa\u00e7o que receber\u00e1 estudantes com necessidade de apoio \u00e0 moradia quando de seu ingresso na Universidade. O pr\u00e9dio teve investimento de R$ 20 milh\u00f5es e tem capacidade para abrigar, inicialmente, 250 estudantes. Os primeiros moradores devem ocupar os apartamentos em janeiro de 2022. O reitor [&hellip;]<\/p>\n","protected":false},"author":2,"featured_media":3216,"comment_status":"open","ping_status":"open","sticky":false,"template":"","format":"standard","meta":{"om_disable_all_campaigns":false,"_monsterinsights_skip_tracking":false,"_monsterinsights_sitenote_active":false,"_monsterinsights_sitenote_note":"","_monsterinsights_sitenote_category":0,"footnotes":""},"categories":[4,8],"tags":[],"class_list":["post-3212","post","type-post","status-publish","format-standard","has-post-thumbnail","hentry","category-cidade","category-educaca0"],"_links":{"self":[{"href":"https:\/\/acontecenafronteira.com.br\/index.php\/wp-json\/wp\/v2\/posts\/3212","targetHints":{"allow":["GET"]}}],"collection":[{"href":"https:\/\/acontecenafronteira.com.br\/index.php\/wp-json\/wp\/v2\/posts"}],"about":[{"href":"https:\/\/acontecenafronteira.com.br\/index.php\/wp-json\/wp\/v2\/types\/post"}],"author":[{"embeddable":true,"href":"https:\/\/acontecenafronteira.com.br\/index.php\/wp-json\/wp\/v2\/users\/2"}],"replies":[{"embeddable":true,"href":"https:\/\/acontecenafronteira.com.br\/index.php\/wp-json\/wp\/v2\/comments?post=3212"}],"version-history":[{"count":1,"href":"https:\/\/acontecenafronteira.com.br\/index.php\/wp-json\/wp\/v2\/posts\/3212\/revisions"}],"predecessor-version":[{"id":3217,"href":"https:\/\/acontecenafronteira.com.br\/index.php\/wp-json\/wp\/v2\/posts\/3212\/revisions\/3217"}],"wp:featuredmedia":[{"embeddable":true,"href":"https:\/\/acontecenafronteira.com.br\/index.php\/wp-json\/wp\/v2\/media\/3216"}],"wp:attachment":[{"href":"https:\/\/acontecenafronteira.com.br\/index.php\/wp-json\/wp\/v2\/media?parent=3212"}],"wp:term":[{"taxonomy":"category","embeddable":true,"href":"https:\/\/acontecenafronteira.com.br\/index.php\/wp-json\/wp\/v2\/categories?post=3212"},{"taxonomy":"post_tag","embeddable":true,"href":"https:\/\/acontecenafronteira.com.br\/index.php\/wp-json\/wp\/v2\/tags?post=3212"}],"curies":[{"name":"wp","href":"https:\/\/api.w.org\/{rel}","templated":true}]}}