{"id":32118,"date":"2026-08-31T01:36:51","date_gmt":"2026-08-31T04:36:51","guid":{"rendered":"https:\/\/acontecenafronteira.com.br\/?p=32118"},"modified":"2026-08-31T01:36:51","modified_gmt":"2026-08-31T04:36:51","slug":"filha-de-juliano-cazarre-e-internada-em-cti-no-rj","status":"publish","type":"post","link":"https:\/\/acontecenafronteira.com.br\/index.php\/2026\/08\/31\/filha-de-juliano-cazarre-e-internada-em-cti-no-rj\/","title":{"rendered":"Filha de Juliano Cazarr\u00e9 \u00e9 internada em CTI no RJ"},"content":{"rendered":"<p>A pequena <strong>Maria Guilhermina<\/strong>, filha do ator <strong>Juliano Cazarr\u00e9<\/strong> e da estilista <strong>Let\u00edcia Cazarr\u00e9<\/strong>, precisou ser hospitalizada e est\u00e1 internada no <strong>Centro de Terapia Intensiva (CTI)<\/strong>. A not\u00edcia foi confirmada pela m\u00e3e nas redes sociais durante o \u00faltimo domingo (30).<\/p>\n<h2>Estado de sa\u00fade atual<\/h2>\n<p>Apesar de estar no CTI, a menina apresenta quadro cl\u00ednico <strong>est\u00e1vel<\/strong>, embora ainda precise passar por uma s\u00e9rie de exames m\u00e9dicos para avalia\u00e7\u00e3o detalhada. Let\u00edcia relatou que o domingo de descanso planejado foi alterado por imprevistos de sa\u00fade, destacando que aceita os des\u00edgnios divinos diante das adversidades.<\/p>\n<h2>Hist\u00f3rico m\u00e9dico da crian\u00e7a<\/h2>\n<h2>Condi\u00e7\u00e3o cong\u00eanita rara<\/h2>\n<p>Vale lembrar que Maria Guilhermina nasceu com uma <strong>cardiopatia cong\u00eanita rara<\/strong> conhecida como <strong>Anomalia de Ebstein<\/strong>, o que exige acompanhamento m\u00e9dico constante e interna\u00e7\u00f5es peri\u00f3dicas desde o seu nascimento.<\/p>\n<p>Diante da nova hospitaliza\u00e7\u00e3o, a fam\u00edlia utilizou as plataformas digitais para pedir o apoio e as <strong>ora\u00e7\u00f5es<\/strong> dos f\u00e3s e seguidores, ressaltando a incerteza habitual sobre o tempo de perman\u00eancia na unidade de terapia intensiva.<\/p>\n<p>Por Reda\u00e7\u00e3o Acontece<\/p>\n<p>Reprodu\u00e7\u00e3o\/Redes sociais<\/p>\n","protected":false},"excerpt":{"rendered":"<p>A pequena Maria Guilhermina, filha do ator Juliano Cazarr\u00e9 e da estilista Let\u00edcia Cazarr\u00e9, precisou ser hospitalizada e est\u00e1 internada no Centro de Terapia Intensiva (CTI). A not\u00edcia foi confirmada pela m\u00e3e nas redes sociais durante o \u00faltimo domingo (30). Estado de sa\u00fade atual Apesar de estar no CTI, a menina apresenta quadro cl\u00ednico est\u00e1vel, [&hellip;]<\/p>\n","protected":false},"author":0,"featured_media":32126,"comment_status":"open","ping_status":"open","sticky":false,"template":"","format":"standard","meta":{"footnotes":""},"categories":[6],"tags":[],"class_list":["post-32118","post","type-post","status-publish","format-standard","has-post-thumbnail","hentry","category-mercosul"],"_links":{"self":[{"href":"https:\/\/acontecenafronteira.com.br\/index.php\/wp-json\/wp\/v2\/posts\/32118","targetHints":{"allow":["GET"]}}],"collection":[{"href":"https:\/\/acontecenafronteira.com.br\/index.php\/wp-json\/wp\/v2\/posts"}],"about":[{"href":"https:\/\/acontecenafronteira.com.br\/index.php\/wp-json\/wp\/v2\/types\/post"}],"replies":[{"embeddable":true,"href":"https:\/\/acontecenafronteira.com.br\/index.php\/wp-json\/wp\/v2\/comments?post=32118"}],"version-history":[{"count":1,"href":"https:\/\/acontecenafronteira.com.br\/index.php\/wp-json\/wp\/v2\/posts\/32118\/revisions"}],"predecessor-version":[{"id":32125,"href":"https:\/\/acontecenafronteira.com.br\/index.php\/wp-json\/wp\/v2\/posts\/32118\/revisions\/32125"}],"wp:featuredmedia":[{"embeddable":true,"href":"https:\/\/acontecenafronteira.com.br\/index.php\/wp-json\/wp\/v2\/media\/32126"}],"wp:attachment":[{"href":"https:\/\/acontecenafronteira.com.br\/index.php\/wp-json\/wp\/v2\/media?parent=32118"}],"wp:term":[{"taxonomy":"category","embeddable":true,"href":"https:\/\/acontecenafronteira.com.br\/index.php\/wp-json\/wp\/v2\/categories?post=32118"},{"taxonomy":"post_tag","embeddable":true,"href":"https:\/\/acontecenafronteira.com.br\/index.php\/wp-json\/wp\/v2\/tags?post=32118"}],"curies":[{"name":"wp","href":"https:\/\/api.w.org\/{rel}","templated":true}]}}