{"id":32117,"date":"2026-08-31T01:36:47","date_gmt":"2026-08-31T04:36:47","guid":{"rendered":"https:\/\/acontecenafronteira.com.br\/?p=32117"},"modified":"2026-08-31T01:36:47","modified_gmt":"2026-08-31T04:36:47","slug":"cantor-giovani-assume-namoro-apos-polemica-de-traicao-e-divorcio","status":"publish","type":"post","link":"https:\/\/acontecenafronteira.com.br\/index.php\/2026\/08\/31\/cantor-giovani-assume-namoro-apos-polemica-de-traicao-e-divorcio\/","title":{"rendered":"Cantor Giovani assume namoro ap\u00f3s pol\u00eamica de trai\u00e7\u00e3o e div\u00f3rcio"},"content":{"rendered":"<p>O cantor sertanejo Giovani, que faz dupla com seu irm\u00e3o Gian, fez sua primeira apari\u00e7\u00e3o p\u00fablica ao lado da nova companheira neste domingo (30\/8). O momento ocorre logo ap\u00f3s o artista enfrentar acusa\u00e7\u00f5es p\u00fablicas de infidelidade feitas por sua ex-esposa, a influenciadora digital Anna Carolina Morais.<\/p>\n<h2>A primeira apari\u00e7\u00e3o p\u00fablica do novo casal<\/h2>\n<p>Em um registro em v\u00eddeo que rapidamente viralizou nas redes sociais, o m\u00fasico aparece caminhando de m\u00e3os dadas com a nova namorada, apontada como Fl\u00e1via. A cena foi capturada durante uma festa tradicional de Folia de Reis, evento que tamb\u00e9m celebrou o anivers\u00e1rio do cantor e contou com a presen\u00e7a de familiares, incluindo seu irm\u00e3o e parceiro de palco, Gian.<\/p>\n<h2>O posicionamento da equipe jur\u00eddica e art\u00edstica<\/h2>\n<p>Diante da repercuss\u00e3o do caso, a assessoria de imprensa do cantor emitiu uma nota oficial esclarecendo que <strong>o artista est\u00e1 em processo de div\u00f3rcio<\/strong>. O comunicado enfatiza que o famoso prefere manter sua vida pessoal e familiar de forma reservada, optando por n\u00e3o conceder entrevistas ou fazer novas declara\u00e7\u00f5es sobre o t\u00e9rmino do casamento anterior.<\/p>\n<h2>As acusa\u00e7\u00f5es de Anna Carolina Morais<\/h2>\n<p>A pol\u00eamica veio \u00e0 tona no s\u00e1bado (29\/8), quando Anna Carolina utilizou suas redes sociais para expor o fim da uni\u00e3o de aproximadamente 26 anos. Segundo o relato da influenciadora, o casal n\u00e3o teve uma conversa formal para decidir o fim do relacionamento. Ela relatou que o m\u00fasico pediu apenas alguns dias de afastamento para ficar sozinho no s\u00edtio da fam\u00edlia, mas acabou levando a nova parceira para o local.<\/p>\n<p>Apesar da dor e da surpresa com a situa\u00e7\u00e3o, a criadora de conte\u00fado afirmou nas redes sociais que busca seguir em frente com apoio espiritual e respeito \u00e0 decis\u00e3o do ex-marido, mesmo lamentando a forma como os acontecimentos se desenrolaram.<\/p>\n<p>Por Reda\u00e7\u00e3o Acontece<\/p>\n<p>Cr\u00e9ditos da imagem: Reprodu\u00e7\u00e3o \/ Redes sociais<\/p>\n","protected":false},"excerpt":{"rendered":"<p>O cantor sertanejo Giovani, que faz dupla com seu irm\u00e3o Gian, fez sua primeira apari\u00e7\u00e3o p\u00fablica ao lado da nova companheira neste domingo (30\/8). O momento ocorre logo ap\u00f3s o artista enfrentar acusa\u00e7\u00f5es p\u00fablicas de infidelidade feitas por sua ex-esposa, a influenciadora digital Anna Carolina Morais. A primeira apari\u00e7\u00e3o p\u00fablica do novo casal Em um [&hellip;]<\/p>\n","protected":false},"author":0,"featured_media":32124,"comment_status":"open","ping_status":"open","sticky":false,"template":"","format":"standard","meta":{"footnotes":""},"categories":[6],"tags":[],"class_list":["post-32117","post","type-post","status-publish","format-standard","has-post-thumbnail","hentry","category-mercosul"],"_links":{"self":[{"href":"https:\/\/acontecenafronteira.com.br\/index.php\/wp-json\/wp\/v2\/posts\/32117","targetHints":{"allow":["GET"]}}],"collection":[{"href":"https:\/\/acontecenafronteira.com.br\/index.php\/wp-json\/wp\/v2\/posts"}],"about":[{"href":"https:\/\/acontecenafronteira.com.br\/index.php\/wp-json\/wp\/v2\/types\/post"}],"replies":[{"embeddable":true,"href":"https:\/\/acontecenafronteira.com.br\/index.php\/wp-json\/wp\/v2\/comments?post=32117"}],"version-history":[{"count":1,"href":"https:\/\/acontecenafronteira.com.br\/index.php\/wp-json\/wp\/v2\/posts\/32117\/revisions"}],"predecessor-version":[{"id":32123,"href":"https:\/\/acontecenafronteira.com.br\/index.php\/wp-json\/wp\/v2\/posts\/32117\/revisions\/32123"}],"wp:featuredmedia":[{"embeddable":true,"href":"https:\/\/acontecenafronteira.com.br\/index.php\/wp-json\/wp\/v2\/media\/32124"}],"wp:attachment":[{"href":"https:\/\/acontecenafronteira.com.br\/index.php\/wp-json\/wp\/v2\/media?parent=32117"}],"wp:term":[{"taxonomy":"category","embeddable":true,"href":"https:\/\/acontecenafronteira.com.br\/index.php\/wp-json\/wp\/v2\/categories?post=32117"},{"taxonomy":"post_tag","embeddable":true,"href":"https:\/\/acontecenafronteira.com.br\/index.php\/wp-json\/wp\/v2\/tags?post=32117"}],"curies":[{"name":"wp","href":"https:\/\/api.w.org\/{rel}","templated":true}]}}