{"id":32116,"date":"2026-08-31T01:36:36","date_gmt":"2026-08-31T04:36:36","guid":{"rendered":"https:\/\/acontecenafronteira.com.br\/?p=32116"},"modified":"2026-08-31T01:36:36","modified_gmt":"2026-08-31T04:36:36","slug":"flavio-bolsonaro-afasta-interferencia-dos-eua-na-soberania-do-pais","status":"publish","type":"post","link":"https:\/\/acontecenafronteira.com.br\/index.php\/2026\/08\/31\/flavio-bolsonaro-afasta-interferencia-dos-eua-na-soberania-do-pais\/","title":{"rendered":"Fl\u00e1vio Bolsonaro afasta interfer\u00eancia dos EUA na soberania do pa\u00eds"},"content":{"rendered":"<p>Durante entrevista concedida neste domingo (30\/8) \u00e0 emissora Record, o senador e candidato ao Pal\u00e1cio do Planalto Fl\u00e1vio Bolsonaro (PL) garantiu que, caso seja eleito, recha\u00e7ar\u00e1 qualquer tipo de interven\u00e7\u00e3o dos Estados Unidos em territ\u00f3rio nacional. O parlamentar ressaltou que a resolu\u00e7\u00e3o dos dilemas internos competir\u00e1 exclusivamente aos brasileiros, contando com o suporte das For\u00e7as Armadas.<\/p>\n<h2>O papel das For\u00e7as Armadas e coopera\u00e7\u00e3o internacional<\/h2>\n<p>Em sua declara\u00e7\u00e3o, o pol\u00edtico enfatizou que Marinha, Ex\u00e9rcito e Aeron\u00e1utica atuar\u00e3o em conjunto com os \u00f3rg\u00e3os estaduais para enfrentar o narcoterrorismo, munidos de poder de pol\u00edcia. Contudo, ele ponderou que a parceria com Washington n\u00e3o ser\u00e1 totalmente descartada, mas restrita a acordos estrat\u00e9gicos e de intelig\u00eancia.<\/p>\n<p>A ajuda externa, segundo o candidato, focar-se-\u00e1 na troca de dados, capacita\u00e7\u00e3o de recursos humanos e no mapeamento de fluxos financeiros il\u00edcitos, fundamentais para rastrear o dinheiro lavado por fac\u00e7\u00f5es criminosas como o PCC no exterior.<\/p>\n<h2>Esclarecimento sobre postagem pol\u00eamica<\/h2>\n<p>Questionado sobre uma publica\u00e7\u00e3o feita em outubro de 2025 envolvendo o secret\u00e1rio de Defesa norte-americano, Pete Hegseth, o senador esclareceu o mal-entendido. Na ocasi\u00e3o, ele havia comentado sobre embarca\u00e7\u00f5es usadas no tr\u00e1fico ao compartilhar um ataque dos EUA a barcos na Venezuela.<\/p>\n<p>O postulante \u00e0 presid\u00eancia justificou que tratou-se apenas de uma analogia sobre a rota mar\u00edtima de entorpecentes que des\u00e1gua na Ba\u00eda de Guanabara, no Rio de Janeiro, e negou ter solicitado qualquer investida militar estrangeira no litoral fluminense.<\/p>\n<h2>Combate ao narcotr\u00e1fico e o &#8220;Escudo das Am\u00e9ricas&#8221;<\/h2>\n<p>Como prioridade de sua gest\u00e3o, caso venha a vencer o pleito, o candidato prometeu enquadrar fac\u00e7\u00f5es como Comando Vermelho, PCC e mil\u00edcias sob a alcunha jur\u00eddica de organiza\u00e7\u00f5es terroristas.<\/p>\n<p>Al\u00e9m disso, o plano de governo prev\u00ea a integra\u00e7\u00e3o do Brasil ao bloco &#8220;Escudo das Am\u00e9ricas&#8221;, uma coaliz\u00e3o entre na\u00e7\u00f5es do continente para asfixiar as finan\u00e7as do tr\u00e1fico internacional de drogas e armamentos.<\/p>\n<p>Por fim, o parlamentar comentou sobre a influ\u00eancia de seu pai, Jair Bolsonaro, a quem define como principal conselheiro pol\u00edtico e pessoal, deixando em aberto a possibilidade de uma futura indica\u00e7\u00e3o ministerial caso haja interesse do ex-presidente.<\/p>\n<p>Por Reda\u00e7\u00e3o Acontece<\/p>\n<p>Imagem: Reprodu\u00e7\u00e3o \/ Rede Record<\/p>\n","protected":false},"excerpt":{"rendered":"<p>Durante entrevista concedida neste domingo (30\/8) \u00e0 emissora Record, o senador e candidato ao Pal\u00e1cio do Planalto Fl\u00e1vio Bolsonaro (PL) garantiu que, caso seja eleito, recha\u00e7ar\u00e1 qualquer tipo de interven\u00e7\u00e3o dos Estados Unidos em territ\u00f3rio nacional. O parlamentar ressaltou que a resolu\u00e7\u00e3o dos dilemas internos competir\u00e1 exclusivamente aos brasileiros, contando com o suporte das For\u00e7as [&hellip;]<\/p>\n","protected":false},"author":0,"featured_media":32122,"comment_status":"open","ping_status":"open","sticky":false,"template":"","format":"standard","meta":{"footnotes":""},"categories":[6],"tags":[],"class_list":["post-32116","post","type-post","status-publish","format-standard","has-post-thumbnail","hentry","category-mercosul"],"_links":{"self":[{"href":"https:\/\/acontecenafronteira.com.br\/index.php\/wp-json\/wp\/v2\/posts\/32116","targetHints":{"allow":["GET"]}}],"collection":[{"href":"https:\/\/acontecenafronteira.com.br\/index.php\/wp-json\/wp\/v2\/posts"}],"about":[{"href":"https:\/\/acontecenafronteira.com.br\/index.php\/wp-json\/wp\/v2\/types\/post"}],"replies":[{"embeddable":true,"href":"https:\/\/acontecenafronteira.com.br\/index.php\/wp-json\/wp\/v2\/comments?post=32116"}],"version-history":[{"count":1,"href":"https:\/\/acontecenafronteira.com.br\/index.php\/wp-json\/wp\/v2\/posts\/32116\/revisions"}],"predecessor-version":[{"id":32121,"href":"https:\/\/acontecenafronteira.com.br\/index.php\/wp-json\/wp\/v2\/posts\/32116\/revisions\/32121"}],"wp:featuredmedia":[{"embeddable":true,"href":"https:\/\/acontecenafronteira.com.br\/index.php\/wp-json\/wp\/v2\/media\/32122"}],"wp:attachment":[{"href":"https:\/\/acontecenafronteira.com.br\/index.php\/wp-json\/wp\/v2\/media?parent=32116"}],"wp:term":[{"taxonomy":"category","embeddable":true,"href":"https:\/\/acontecenafronteira.com.br\/index.php\/wp-json\/wp\/v2\/categories?post=32116"},{"taxonomy":"post_tag","embeddable":true,"href":"https:\/\/acontecenafronteira.com.br\/index.php\/wp-json\/wp\/v2\/tags?post=32116"}],"curies":[{"name":"wp","href":"https:\/\/api.w.org\/{rel}","templated":true}]}}