{"id":32115,"date":"2026-08-31T01:36:31","date_gmt":"2026-08-31T04:36:31","guid":{"rendered":"https:\/\/acontecenafronteira.com.br\/?p=32115"},"modified":"2026-08-31T01:36:31","modified_gmt":"2026-08-31T04:36:31","slug":"gremio-bate-chapecoense-de-virada-e-respira-no-brasileirao","status":"publish","type":"post","link":"https:\/\/acontecenafronteira.com.br\/index.php\/2026\/08\/31\/gremio-bate-chapecoense-de-virada-e-respira-no-brasileirao\/","title":{"rendered":"Gr\u00eamio bate Chapecoense de virada e respira no Brasileir\u00e3o"},"content":{"rendered":"<p>O <strong>Gr\u00eamio<\/strong> superou a <strong>Chapecoense<\/strong> por 3 a 1 em partida realizada neste domingo (30\/8), na Arena Gr\u00eamio, v\u00e1lida pela 25\u00aa rodada do <strong>Campeonato Brasileiro<\/strong>. Com o triunfo conquistado de virada, o time ga\u00facho conseguiu somar pontos cruciais na luta contra o rebaixamento.<\/p>\n<h2>Situa\u00e7\u00e3o atual na tabela do Brasileir\u00e3o<\/h2>\n<p>Com o resultado positivo em casa, o Tricolor atingiu a marca de 28 pontos somados. A equipe se manteve na 15\u00aa posi\u00e7\u00e3o da tabela, mas conseguiu ampliar para tr\u00eas pontos a dist\u00e2ncia em rela\u00e7\u00e3o ao primeiro clube dentro da temida zona da degola.<\/p>\n<p>Por outro lado, a situa\u00e7\u00e3o do time catarinense segue dram\u00e1tica no torneio nacional. A Chapecoense permaneceu estacionada na lanterna, somando apenas 14 pontos, e corre s\u00e9rio risco de ficar a 11 pontos de diferen\u00e7a do pen\u00faltimo colocado ao t\u00e9rmino da rodada.<\/p>\n<h2>Pr\u00f3ximos desafios e compromisso na Copa do Brasil<\/h2>\n<p>Ambos os clubes j\u00e1 viram a chave e focam nos seus pr\u00f3ximos compromissos pelo campeonato nacional. No pr\u00f3ximo domingo (6\/9), \u00e0s 19h30, a Chapecoense viaja at\u00e9 S\u00e3o Paulo para encarar o Corinthians na Neo Qu\u00edmica Arena. J\u00e1 o Gr\u00eamio entra em campo na segunda-feira (7\/9), \u00e0s 20h, quando visita o Vit\u00f3ria no Barrad\u00e3o para fechar a 26\u00aa rodada.<\/p>\n<p>Antes de pensar no torneio de pontos corridos, o esquadr\u00e3o gremista tem um duelo decisivo no meio de semana. Na quinta-feira (3\/9), \u00e0s 20h, o Tricolor recebe o arquirrival Internacional na Arena Gr\u00eamio para o jogo de volta das quartas de final da <strong>Copa do Brasil<\/strong>, em busca de uma vaga nas semifinais.<\/p>\n<p>A rodada do futebol nacional tamb\u00e9m foi marcada por outros confrontos importantes, como o empate entre Mirassol e Palmeiras e a vit\u00f3ria do Flamengo sobre o Botafogo, mantendo a equipe rubro-negra na vice-lideran\u00e7a da competi\u00e7\u00e3o.<\/p>\n<p>Por Reda\u00e7\u00e3o Acontece<\/p>\n<p>Foto: Divulga\u00e7\u00e3o \/ Gr\u00eamio FBPA<\/p>\n","protected":false},"excerpt":{"rendered":"<p>O Gr\u00eamio superou a Chapecoense por 3 a 1 em partida realizada neste domingo (30\/8), na Arena Gr\u00eamio, v\u00e1lida pela 25\u00aa rodada do Campeonato Brasileiro. Com o triunfo conquistado de virada, o time ga\u00facho conseguiu somar pontos cruciais na luta contra o rebaixamento. Situa\u00e7\u00e3o atual na tabela do Brasileir\u00e3o Com o resultado positivo em casa, [&hellip;]<\/p>\n","protected":false},"author":0,"featured_media":32120,"comment_status":"open","ping_status":"open","sticky":false,"template":"","format":"standard","meta":{"footnotes":""},"categories":[6],"tags":[],"class_list":["post-32115","post","type-post","status-publish","format-standard","has-post-thumbnail","hentry","category-mercosul"],"_links":{"self":[{"href":"https:\/\/acontecenafronteira.com.br\/index.php\/wp-json\/wp\/v2\/posts\/32115","targetHints":{"allow":["GET"]}}],"collection":[{"href":"https:\/\/acontecenafronteira.com.br\/index.php\/wp-json\/wp\/v2\/posts"}],"about":[{"href":"https:\/\/acontecenafronteira.com.br\/index.php\/wp-json\/wp\/v2\/types\/post"}],"replies":[{"embeddable":true,"href":"https:\/\/acontecenafronteira.com.br\/index.php\/wp-json\/wp\/v2\/comments?post=32115"}],"version-history":[{"count":1,"href":"https:\/\/acontecenafronteira.com.br\/index.php\/wp-json\/wp\/v2\/posts\/32115\/revisions"}],"predecessor-version":[{"id":32119,"href":"https:\/\/acontecenafronteira.com.br\/index.php\/wp-json\/wp\/v2\/posts\/32115\/revisions\/32119"}],"wp:featuredmedia":[{"embeddable":true,"href":"https:\/\/acontecenafronteira.com.br\/index.php\/wp-json\/wp\/v2\/media\/32120"}],"wp:attachment":[{"href":"https:\/\/acontecenafronteira.com.br\/index.php\/wp-json\/wp\/v2\/media?parent=32115"}],"wp:term":[{"taxonomy":"category","embeddable":true,"href":"https:\/\/acontecenafronteira.com.br\/index.php\/wp-json\/wp\/v2\/categories?post=32115"},{"taxonomy":"post_tag","embeddable":true,"href":"https:\/\/acontecenafronteira.com.br\/index.php\/wp-json\/wp\/v2\/tags?post=32115"}],"curies":[{"name":"wp","href":"https:\/\/api.w.org\/{rel}","templated":true}]}}