{"id":32106,"date":"2026-08-31T01:36:22","date_gmt":"2026-08-31T04:36:22","guid":{"rendered":"https:\/\/acontecenafronteira.com.br\/?p=32106"},"modified":"2026-08-31T01:36:22","modified_gmt":"2026-08-31T04:36:22","slug":"benzema-rescinde-com-al-hilal-e-avalia-aposentadoria","status":"publish","type":"post","link":"https:\/\/acontecenafronteira.com.br\/index.php\/2026\/08\/31\/benzema-rescinde-com-al-hilal-e-avalia-aposentadoria\/","title":{"rendered":"Benzema rescinde com Al-Hilal e avalia aposentadoria"},"content":{"rendered":"<p>O atacante Karim Benzema surpreendeu o mundo do esporte ao acertar a rescis\u00e3o amig\u00e1vel de seu contrato com o Al-Hilal, encerrando sua trajet\u00f3ria no clube da Ar\u00e1bia Saudita de forma antecipada.<\/p>\n<p>H2 Os pr\u00f3ximos passos do atacante franc\u00eas<\/p>\n<p>O atleta de 38 anos ainda n\u00e3o bateu o martelo sobre o seu futuro profissional, mas deve fazer um pronunciamento oficial em breve para esclarecer quais ser\u00e3o seus pr\u00f3ximos passos nos gramados.<\/p>\n<p>H2 Op\u00e7\u00f5es limitadas para o futuro da carreira<\/p>\n<p>Entre os cen\u00e1rios avaliados pelo centroavante est\u00e3o a aposentadoria definitiva do futebol ou a continuidade da carreira em outra equipe do pr\u00f3prio territ\u00f3rio sauditado, descartando completamente um retorno ao futebol europeu neste momento da carreira.<\/p>\n<p>H3 N\u00fameros e trajet\u00f3ria no clube saudita<\/p>\n<p>Contratado no in\u00edcio deste ano com um v\u00ednculo v\u00e1lido at\u00e9 junho de 2027, o jogador acumulou 14 partidas oficiais com a camisa da equipe, balan\u00e7ando as redes advers\u00e1rias 10 vezes e contribuindo com nove assist\u00eancias para seus companheiros.<\/p>\n<p>H3 Hist\u00f3rico vitorioso no futebol mundial<\/p>\n<p>Antes de atuar no futebol do Oriente M\u00e9dio, onde tamb\u00e9m defendeu o Al-Ittihad a partir da temporada 2023\/24, o artilheiro construiu uma hist\u00f3ria lend\u00e1ria de 14 anos no Real Madrid, conquistando cinco edi\u00e7\u00f5es da Liga dos Campe\u00f5es, cinco Mundiais de Clubes e quatro Campeonatos Espanh\u00f3is, al\u00e9m de ter faturado o pr\u00eamio da Bola de Ouro como melhor jogador do mundo em 2022.<\/p>\n<p>A sa\u00edda inesperada do craque marca o fim de mais um cap\u00edtulo importante no futebol \u00e1rabe, deixando torcedores e especialistas na expectativa sobre a poss\u00edvel despedida definitiva dos gramados pelo mundo.<\/p>\n<p>Por Reda\u00e7\u00e3o Acontece<\/p>\n<p>Cr\u00e9ditos da imagem: Divulga\u00e7\u00e3o\/Al-Hilal<\/p>\n","protected":false},"excerpt":{"rendered":"<p>O atacante Karim Benzema surpreendeu o mundo do esporte ao acertar a rescis\u00e3o amig\u00e1vel de seu contrato com o Al-Hilal, encerrando sua trajet\u00f3ria no clube da Ar\u00e1bia Saudita de forma antecipada. H2 Os pr\u00f3ximos passos do atacante franc\u00eas O atleta de 38 anos ainda n\u00e3o bateu o martelo sobre o seu futuro profissional, mas deve [&hellip;]<\/p>\n","protected":false},"author":0,"featured_media":32113,"comment_status":"open","ping_status":"open","sticky":false,"template":"","format":"standard","meta":{"footnotes":""},"categories":[28],"tags":[],"class_list":["post-32106","post","type-post","status-publish","format-standard","has-post-thumbnail","hentry","category-mundo"],"_links":{"self":[{"href":"https:\/\/acontecenafronteira.com.br\/index.php\/wp-json\/wp\/v2\/posts\/32106","targetHints":{"allow":["GET"]}}],"collection":[{"href":"https:\/\/acontecenafronteira.com.br\/index.php\/wp-json\/wp\/v2\/posts"}],"about":[{"href":"https:\/\/acontecenafronteira.com.br\/index.php\/wp-json\/wp\/v2\/types\/post"}],"replies":[{"embeddable":true,"href":"https:\/\/acontecenafronteira.com.br\/index.php\/wp-json\/wp\/v2\/comments?post=32106"}],"version-history":[{"count":1,"href":"https:\/\/acontecenafronteira.com.br\/index.php\/wp-json\/wp\/v2\/posts\/32106\/revisions"}],"predecessor-version":[{"id":32112,"href":"https:\/\/acontecenafronteira.com.br\/index.php\/wp-json\/wp\/v2\/posts\/32106\/revisions\/32112"}],"wp:featuredmedia":[{"embeddable":true,"href":"https:\/\/acontecenafronteira.com.br\/index.php\/wp-json\/wp\/v2\/media\/32113"}],"wp:attachment":[{"href":"https:\/\/acontecenafronteira.com.br\/index.php\/wp-json\/wp\/v2\/media?parent=32106"}],"wp:term":[{"taxonomy":"category","embeddable":true,"href":"https:\/\/acontecenafronteira.com.br\/index.php\/wp-json\/wp\/v2\/categories?post=32106"},{"taxonomy":"post_tag","embeddable":true,"href":"https:\/\/acontecenafronteira.com.br\/index.php\/wp-json\/wp\/v2\/tags?post=32106"}],"curies":[{"name":"wp","href":"https:\/\/api.w.org\/{rel}","templated":true}]}}