{"id":32101,"date":"2026-08-31T01:35:57","date_gmt":"2026-08-31T04:35:57","guid":{"rendered":"https:\/\/acontecenafronteira.com.br\/?p=32101"},"modified":"2026-08-31T01:35:57","modified_gmt":"2026-08-31T04:35:57","slug":"jovem-caiu-do-14o-andar-ao-tentar-fugir-de-tortura-no-parana","status":"publish","type":"post","link":"https:\/\/acontecenafronteira.com.br\/index.php\/2026\/08\/31\/jovem-caiu-do-14o-andar-ao-tentar-fugir-de-tortura-no-parana\/","title":{"rendered":"Jovem caiu do 14\u00ba andar ao tentar fugir de tortura no Paran\u00e1"},"content":{"rendered":"<p>Novos detalhes revelados pela Pol\u00edcia Civil do Paran\u00e1 indicam que Alexandre Rodrigues Ramos, de 27 anos, tentou alcan\u00e7ar a sacada do apartamento inferior antes de despencar do 14\u00ba andar em Londrina. A trag\u00e9dia ocorreu no dia 14 de agosto, enquanto a v\u00edtima tentava escapar de uma sess\u00e3o de tortura.<\/p>\n<h2>A din\u00e2mica da queda no pr\u00e9dio em Londrina<\/h2>\n<p>De acordo com o inqu\u00e9rito conduzido pelo delegado Roberto Fernandes, a v\u00edtima buscou ref\u00fagio na varanda do andar de baixo durante a fuga. No entanto, o acesso foi bloqueado por uma janela de vidro e por uma rede de prote\u00e7\u00e3o.<\/p>\n<p>Embora Alexandre tenha conseguido romper parte da tela com os p\u00e9s, ele perdeu o equil\u00edbrio e caiu logo em seguida. A per\u00edcia t\u00e9cnica da Pol\u00edcia Cient\u00edfica analisou o local e descartou a hip\u00f3tese de que os criminosos tivessem empurrado o rapaz, confirmando a tese de acidente fatal decorrente da tentativa desesperada de escapar do cativeiro.<\/p>\n<h2>Horas de terror e acusa\u00e7\u00f5es infundadas<\/h2>\n<p>O jovem estava visitando a namorada no apartamento quando foi acuado por quatro homens, com idades entre 22 e 24 anos, que dividiam o im\u00f3vel com ela. Os suspeitos armaram-se com uma faca por volta das 22h30 do dia 13 de agosto, acusando o rapaz de furtar uma m\u00e1quina fotogr\u00e1fica avaliada em R$ 12 mil.<\/p>\n<p>Durante pelo menos quatro horas, Alexandre foi mantido amarrado pelos p\u00e9s e m\u00e3os com um cabo de extens\u00e3o em um dos c\u00f4modos. Al\u00e9m das agress\u00f5es f\u00edsicas severas, os agressores for\u00e7aram o jovem a ingerir medicamentos que o deixaram em estado de irresponsividade. O n\u00edvel de crueldade foi tamanho que um dos envolvidos chegou a pedir uma entrega de pizza ap\u00f3s espancar a v\u00edtima.<\/p>\n<h2>Investiga\u00e7\u00e3o policial e desdobramentos jur\u00eddicos<\/h2>\n<p>Inicialmente, o caso foi registrado como suposto suic\u00eddio. Contudo, a investiga\u00e7\u00e3o policial mudou de rumo quando os agentes perceberam que a chave do quarto onde o jovem era mantido prisioneiro estava do lado de fora da porta.<\/p>\n<p>Quatro suspeitos foram presos logo ap\u00f3s o ocorrido e respondem criminalmente. O delegado explicou que, mesmo que a morte tenha ocorrido de forma indireta pela queda, os criminosos responder\u00e3o pelo resultado decorrente do c\u00e1rcere privado e das agress\u00f5es. A pena prevista para tortura com resultado morte pode variar de 8 a 16 anos de reclus\u00e3o, com agravantes pelo sequestro. As autoridades agora aguardam apenas a conclus\u00e3o do laudo toxicol\u00f3gico para finalizar o processo investigativo.<\/p>\n<p>Por Reda\u00e7\u00e3o Acontece<\/p>\n<p>Reprodu\u00e7\u00e3o \/ Pol\u00edcia Civil do Paran\u00e1<\/p>\n","protected":false},"excerpt":{"rendered":"<p>Novos detalhes revelados pela Pol\u00edcia Civil do Paran\u00e1 indicam que Alexandre Rodrigues Ramos, de 27 anos, tentou alcan\u00e7ar a sacada do apartamento inferior antes de despencar do 14\u00ba andar em Londrina. A trag\u00e9dia ocorreu no dia 14 de agosto, enquanto a v\u00edtima tentava escapar de uma sess\u00e3o de tortura. A din\u00e2mica da queda no pr\u00e9dio [&hellip;]<\/p>\n","protected":false},"author":0,"featured_media":32103,"comment_status":"open","ping_status":"open","sticky":false,"template":"","format":"standard","meta":{"footnotes":""},"categories":[18],"tags":[],"class_list":["post-32101","post","type-post","status-publish","format-standard","has-post-thumbnail","hentry","category-parana"],"_links":{"self":[{"href":"https:\/\/acontecenafronteira.com.br\/index.php\/wp-json\/wp\/v2\/posts\/32101","targetHints":{"allow":["GET"]}}],"collection":[{"href":"https:\/\/acontecenafronteira.com.br\/index.php\/wp-json\/wp\/v2\/posts"}],"about":[{"href":"https:\/\/acontecenafronteira.com.br\/index.php\/wp-json\/wp\/v2\/types\/post"}],"replies":[{"embeddable":true,"href":"https:\/\/acontecenafronteira.com.br\/index.php\/wp-json\/wp\/v2\/comments?post=32101"}],"version-history":[{"count":1,"href":"https:\/\/acontecenafronteira.com.br\/index.php\/wp-json\/wp\/v2\/posts\/32101\/revisions"}],"predecessor-version":[{"id":32102,"href":"https:\/\/acontecenafronteira.com.br\/index.php\/wp-json\/wp\/v2\/posts\/32101\/revisions\/32102"}],"wp:featuredmedia":[{"embeddable":true,"href":"https:\/\/acontecenafronteira.com.br\/index.php\/wp-json\/wp\/v2\/media\/32103"}],"wp:attachment":[{"href":"https:\/\/acontecenafronteira.com.br\/index.php\/wp-json\/wp\/v2\/media?parent=32101"}],"wp:term":[{"taxonomy":"category","embeddable":true,"href":"https:\/\/acontecenafronteira.com.br\/index.php\/wp-json\/wp\/v2\/categories?post=32101"},{"taxonomy":"post_tag","embeddable":true,"href":"https:\/\/acontecenafronteira.com.br\/index.php\/wp-json\/wp\/v2\/tags?post=32101"}],"curies":[{"name":"wp","href":"https:\/\/api.w.org\/{rel}","templated":true}]}}