{"id":32092,"date":"2026-08-31T00:37:25","date_gmt":"2026-08-31T03:37:25","guid":{"rendered":"https:\/\/acontecenafronteira.com.br\/?p=32092"},"modified":"2026-08-31T00:37:25","modified_gmt":"2026-08-31T03:37:25","slug":"enchente-relampago-no-grand-canyon-deixa-15-desaparecidos","status":"publish","type":"post","link":"https:\/\/acontecenafronteira.com.br\/index.php\/2026\/08\/31\/enchente-relampago-no-grand-canyon-deixa-15-desaparecidos\/","title":{"rendered":"Enchente rel\u00e2mpago no Grand Canyon deixa 15 desaparecidos"},"content":{"rendered":"<p>Uma violenta enxurrada atingiu o Parque Nacional do Grand Canyon, localizado no estado norte-americano do Arizona, deixando pelo menos 15 pessoas desaparecidas e provocando a evacua\u00e7\u00e3o emergencial de dezenas de turistas e campistas que estavam na regi\u00e3o.<\/p>\n<h2>Impacto na infraestrutura e altera\u00e7\u00e3o da paisagem<\/h2>\n<p>O fen\u00f4meno extremo ocorreu na tarde de um s\u00e1bado (29\/8), especificamente na \u00e1rea do riacho Bright Angel, um importante afluente do rio principal. A for\u00e7a das correntes de \u00e1gua foi t\u00e3o intensa que destruiu passarelas de pedestres e transformou drasticamente a topografia local, alargando o leito fluvial e criando uma nova corredeira.<\/p>\n<h2>Volume de chuvas e alertas meteorol\u00f3gicos<\/h2>\n<p>De acordo com o servi\u00e7o de parques nacionais, o temporal despejou cerca de 25 mil\u00edmetros de precipita\u00e7\u00e3o em um intervalo de 24 horas. As inunda\u00e7\u00f5es come\u00e7aram de forma abrupta por volta das 14h30, gerando estragos expressivos na infraestrutura do c\u00e2nion.<\/p>\n<p>No domingo seguinte (30\/8), o temporal deslocou-se para a margem norte, registrando taxas impressionantes de at\u00e9 25 mil\u00edmetros de chuva por hora. As autoridades mantiveram os avisos de tempestade vigentes, alertando para o risco cont\u00ednuo de novos transbordamentos devido \u00e0 satura\u00e7\u00e3o do solo e ao fluxo elevado de \u00e1gua.<\/p>\n<p>As equipes de resgate continuam mobilizadas nas buscas pelos desaparecidos e no monitoramento das \u00e1reas afetadas, enquanto o parque avalia os danos estruturais causados pelo temporal hist\u00f3rico.<\/p>\n<p>Por Reda\u00e7\u00e3o Acontece<\/p>\n<p>Foto: Divulga\u00e7\u00e3o\/Parque Nacional do Grand Canyon<\/p>\n","protected":false},"excerpt":{"rendered":"<p>Uma violenta enxurrada atingiu o Parque Nacional do Grand Canyon, localizado no estado norte-americano do Arizona, deixando pelo menos 15 pessoas desaparecidas e provocando a evacua\u00e7\u00e3o emergencial de dezenas de turistas e campistas que estavam na regi\u00e3o. Impacto na infraestrutura e altera\u00e7\u00e3o da paisagem O fen\u00f4meno extremo ocorreu na tarde de um s\u00e1bado (29\/8), especificamente [&hellip;]<\/p>\n","protected":false},"author":0,"featured_media":32100,"comment_status":"open","ping_status":"open","sticky":false,"template":"","format":"standard","meta":{"footnotes":""},"categories":[6],"tags":[],"class_list":["post-32092","post","type-post","status-publish","format-standard","has-post-thumbnail","hentry","category-mercosul"],"_links":{"self":[{"href":"https:\/\/acontecenafronteira.com.br\/index.php\/wp-json\/wp\/v2\/posts\/32092","targetHints":{"allow":["GET"]}}],"collection":[{"href":"https:\/\/acontecenafronteira.com.br\/index.php\/wp-json\/wp\/v2\/posts"}],"about":[{"href":"https:\/\/acontecenafronteira.com.br\/index.php\/wp-json\/wp\/v2\/types\/post"}],"replies":[{"embeddable":true,"href":"https:\/\/acontecenafronteira.com.br\/index.php\/wp-json\/wp\/v2\/comments?post=32092"}],"version-history":[{"count":1,"href":"https:\/\/acontecenafronteira.com.br\/index.php\/wp-json\/wp\/v2\/posts\/32092\/revisions"}],"predecessor-version":[{"id":32099,"href":"https:\/\/acontecenafronteira.com.br\/index.php\/wp-json\/wp\/v2\/posts\/32092\/revisions\/32099"}],"wp:featuredmedia":[{"embeddable":true,"href":"https:\/\/acontecenafronteira.com.br\/index.php\/wp-json\/wp\/v2\/media\/32100"}],"wp:attachment":[{"href":"https:\/\/acontecenafronteira.com.br\/index.php\/wp-json\/wp\/v2\/media?parent=32092"}],"wp:term":[{"taxonomy":"category","embeddable":true,"href":"https:\/\/acontecenafronteira.com.br\/index.php\/wp-json\/wp\/v2\/categories?post=32092"},{"taxonomy":"post_tag","embeddable":true,"href":"https:\/\/acontecenafronteira.com.br\/index.php\/wp-json\/wp\/v2\/tags?post=32092"}],"curies":[{"name":"wp","href":"https:\/\/api.w.org\/{rel}","templated":true}]}}