{"id":32091,"date":"2026-08-31T00:37:22","date_gmt":"2026-08-31T03:37:22","guid":{"rendered":"https:\/\/acontecenafronteira.com.br\/?p=32091"},"modified":"2026-08-31T00:37:22","modified_gmt":"2026-08-31T03:37:22","slug":"seca-e-acao-humana-elevam-risco-de-incendios-no-distrito-federal","status":"publish","type":"post","link":"https:\/\/acontecenafronteira.com.br\/index.php\/2026\/08\/31\/seca-e-acao-humana-elevam-risco-de-incendios-no-distrito-federal\/","title":{"rendered":"Seca e a\u00e7\u00e3o humana elevam risco de inc\u00eandios no Distrito Federal"},"content":{"rendered":"<p>O per\u00edodo de estiagem severa, marcado por umidade relativa do ar abaixo dos 30% e altas temperaturas, tem castigado diversas regi\u00f5es do pa\u00eds. No Distrito Federal, a combina\u00e7\u00e3o do clima seco com a vegeta\u00e7\u00e3o caracter\u00edstica do <strong>Cerrado<\/strong> transforma os meses de agosto e setembro em um cen\u00e1rio de alerta m\u00e1ximo para a prolifera\u00e7\u00e3o de <strong>inc\u00eandios florestais<\/strong>.<\/p>\n<h2>Estat\u00edsticas alarmantes da Opera\u00e7\u00e3o Verde Vivo<\/h2>\n<\/p>\n<p>Os dados do Corpo de Bombeiros Militar do Distrito Federal evidenciam o agravamento da situa\u00e7\u00e3o ao longo dos \u00faltimos meses. Foram registradas 554 ocorr\u00eancias em junho e 1.096 em julho, enquanto apenas na primeira quinzena de agosto o n\u00famero de chamados chegou a 1.012.<\/p>\n<p>A gravidade do problema ficou evidente em um recente inc\u00eandio de grandes propor\u00e7\u00f5es no Parque do Toror\u00f3, que formou uma extensa barreira de chamas controlada apenas na madrugada. Somente no mesmo dia da ocorr\u00eancia no parque, as equipes atenderam cerca de 84 chamados de <strong>queimadas em vegeta\u00e7\u00e3o<\/strong>, antecipando semanas que historicamente concentram os maiores riscos da esta\u00e7\u00e3o.<\/p>\n<h2>Fator humano e penalidades legais<\/h2>\n<\/p>\n<p>Especialistas apontam que 95% dos focos de fogo s\u00e3o causados por <strong>a\u00e7\u00f5es humanas<\/strong> que poderiam ser evitadas. Pr\u00e1ticas corriqueiras, como o descarte de bitucas de cigarro em \u00e1reas de mata ou a queima irregular de lixo e pastagem, s\u00e3o suficientes para desencadear trag\u00e9dias ambientais de propor\u00e7\u00f5es incontrol\u00e1veis.<\/p>\n<p>Vale destacar que provocar queimadas \u00e9 crime pass\u00edvel de multa e pris\u00e3o, enquadrado na <strong>Lei de Crimes Ambientais<\/strong> (Lei n\u00ba 9.605\/1998). O artigo 41 estabelece pena de reclus\u00e3o de dois a quatro anos e multa para quem incendiar qualquer forma de vegeta\u00e7\u00e3o, ao passo que o artigo 54 penaliza a polui\u00e7\u00e3o causadora de danos \u00e0 sa\u00fade e ao ecossistema.<\/p>\n<h2>Hist\u00f3rico de destrui\u00e7\u00e3o ambiental<\/h2>\n<\/p>\n<p>Grandes ocorr\u00eancias registradas em anos anteriores demonstram o potencial destrutivo do fogo na regi\u00e3o. Em setembro de 2019, o Parque Ecol\u00f3gico de \u00c1guas Claras perdeu mais de 5 mil metros quadrados de \u00e1rea, incluindo esp\u00e9cimes centen\u00e1rios de buritis com mais de 300 anos.<\/p>\n<p>J\u00e1 em agosto de 2020, um inc\u00eandio em Planaltina exigiu 72 horas de trabalho intenso de brigadistas e bombeiros, destruindo tr\u00eas resid\u00eancias, quatro propriedades rurais e aproximadamente 40 mil metros de planta\u00e7\u00f5es. Outro marco ocorreu em setembro de 2022, quando o Parque Nacional de Bras\u00edlia teve uma \u00e1rea equivalente a 14 mil campos de futebol consumida pelas chamas, deixando um rastro de morte e desabrigo para a <strong>fauna silvestre<\/strong>.<\/p>\n<p>Diante do cen\u00e1rio cr\u00edtico, o Instituto Nacional de Meteorologia (Inmet) mant\u00e9m a regi\u00e3o Centro-Oeste em constante estado de alerta devido \u00e0 baixa umidade. O \u00f3rg\u00e3o refor\u00e7a que o descarte de restos de poda e entulhos deve ocorrer exclusivamente em locais autorizados, sendo terminantemente proibida a queima. Den\u00fancias sobre focos de inc\u00eandio ou crimes ambientais podem ser feitas anonimamente pelo telefone de emerg\u00eancia 193.<\/p>\n<p>Por Reda\u00e7\u00e3o Acontece<\/p>\n<p>Foto: Divulga\u00e7\u00e3o\/CBMDF<\/p>\n","protected":false},"excerpt":{"rendered":"<p>O per\u00edodo de estiagem severa, marcado por umidade relativa do ar abaixo dos 30% e altas temperaturas, tem castigado diversas regi\u00f5es do pa\u00eds. No Distrito Federal, a combina\u00e7\u00e3o do clima seco com a vegeta\u00e7\u00e3o caracter\u00edstica do Cerrado transforma os meses de agosto e setembro em um cen\u00e1rio de alerta m\u00e1ximo para a prolifera\u00e7\u00e3o de inc\u00eandios [&hellip;]<\/p>\n","protected":false},"author":0,"featured_media":32098,"comment_status":"open","ping_status":"open","sticky":false,"template":"","format":"standard","meta":{"footnotes":""},"categories":[6],"tags":[],"class_list":["post-32091","post","type-post","status-publish","format-standard","has-post-thumbnail","hentry","category-mercosul"],"_links":{"self":[{"href":"https:\/\/acontecenafronteira.com.br\/index.php\/wp-json\/wp\/v2\/posts\/32091","targetHints":{"allow":["GET"]}}],"collection":[{"href":"https:\/\/acontecenafronteira.com.br\/index.php\/wp-json\/wp\/v2\/posts"}],"about":[{"href":"https:\/\/acontecenafronteira.com.br\/index.php\/wp-json\/wp\/v2\/types\/post"}],"replies":[{"embeddable":true,"href":"https:\/\/acontecenafronteira.com.br\/index.php\/wp-json\/wp\/v2\/comments?post=32091"}],"version-history":[{"count":1,"href":"https:\/\/acontecenafronteira.com.br\/index.php\/wp-json\/wp\/v2\/posts\/32091\/revisions"}],"predecessor-version":[{"id":32097,"href":"https:\/\/acontecenafronteira.com.br\/index.php\/wp-json\/wp\/v2\/posts\/32091\/revisions\/32097"}],"wp:featuredmedia":[{"embeddable":true,"href":"https:\/\/acontecenafronteira.com.br\/index.php\/wp-json\/wp\/v2\/media\/32098"}],"wp:attachment":[{"href":"https:\/\/acontecenafronteira.com.br\/index.php\/wp-json\/wp\/v2\/media?parent=32091"}],"wp:term":[{"taxonomy":"category","embeddable":true,"href":"https:\/\/acontecenafronteira.com.br\/index.php\/wp-json\/wp\/v2\/categories?post=32091"},{"taxonomy":"post_tag","embeddable":true,"href":"https:\/\/acontecenafronteira.com.br\/index.php\/wp-json\/wp\/v2\/tags?post=32091"}],"curies":[{"name":"wp","href":"https:\/\/api.w.org\/{rel}","templated":true}]}}