{"id":32090,"date":"2026-08-31T00:37:16","date_gmt":"2026-08-31T03:37:16","guid":{"rendered":"https:\/\/acontecenafronteira.com.br\/?p=32090"},"modified":"2026-08-31T00:37:16","modified_gmt":"2026-08-31T03:37:16","slug":"anthony-valencia-desembarca-no-rj-para-reforcar-o-flamengo","status":"publish","type":"post","link":"https:\/\/acontecenafronteira.com.br\/index.php\/2026\/08\/31\/anthony-valencia-desembarca-no-rj-para-reforcar-o-flamengo\/","title":{"rendered":"Anthony Valencia desembarca no RJ para refor\u00e7ar o Flamengo"},"content":{"rendered":"<p>O atacante equatoriano Anthony Valencia desembarcou no Aeroporto Internacional do Rio de Janeiro neste domingo, 20 de agosto, para finalizar sua contrata\u00e7\u00e3o e ser anunciado oficialmente como o novo refor\u00e7o do <b>Flamengo<\/b>.<\/p>\n<h2>A chegada do novo atacante<\/h2>\n<p>O atleta de 23 anos chega ao clube rubro-negro com a miss\u00e3o de preencher a lacuna deixada por seu compatriota Gonzalo Plata, que foi negociado com o D\u00ednamo de Moscou, da R\u00fassia.<\/p>\n<h2>Bom momento na Europa<\/h2>\n<p>Durante a temporada europeia de 2026\/27, o jogador tem apresentado um desempenho de destaque, acumulando tr\u00eas gols marcados em apenas tr\u00eas partidas disputadas com a camisa do Royal Antwerp, da B\u00e9lgica.<\/p>\n<h2>Experi\u00eancia internacional<\/h2>\n<p>Al\u00e9m do bom momento no futebol belga, o atleta tamb\u00e9m integrou a sele\u00e7\u00e3o do Equador que disputou a Copa do Mundo de 2026, embora n\u00e3o tenha chegado a atuar nas partidas do torneio.<\/p>\n<p>A expectativa da diretoria carioca \u00e9 que os \u00faltimos tr\u00e2mites burocr\u00e1ticos sejam conclu\u00eddos em breve para que o atleta seja apresentado aos torcedores e inicie os treinamentos com o restante do elenco.<\/p>\n<p>Por Reda\u00e7\u00e3o Acontece<\/p>\n<p>Cr\u00e9ditos da imagem: Divulga\u00e7\u00e3o \/ Flamengo<\/p>\n","protected":false},"excerpt":{"rendered":"<p>O atacante equatoriano Anthony Valencia desembarcou no Aeroporto Internacional do Rio de Janeiro neste domingo, 20 de agosto, para finalizar sua contrata\u00e7\u00e3o e ser anunciado oficialmente como o novo refor\u00e7o do Flamengo. A chegada do novo atacante O atleta de 23 anos chega ao clube rubro-negro com a miss\u00e3o de preencher a lacuna deixada por [&hellip;]<\/p>\n","protected":false},"author":0,"featured_media":32096,"comment_status":"open","ping_status":"open","sticky":false,"template":"","format":"standard","meta":{"footnotes":""},"categories":[6],"tags":[],"class_list":["post-32090","post","type-post","status-publish","format-standard","has-post-thumbnail","hentry","category-mercosul"],"_links":{"self":[{"href":"https:\/\/acontecenafronteira.com.br\/index.php\/wp-json\/wp\/v2\/posts\/32090","targetHints":{"allow":["GET"]}}],"collection":[{"href":"https:\/\/acontecenafronteira.com.br\/index.php\/wp-json\/wp\/v2\/posts"}],"about":[{"href":"https:\/\/acontecenafronteira.com.br\/index.php\/wp-json\/wp\/v2\/types\/post"}],"replies":[{"embeddable":true,"href":"https:\/\/acontecenafronteira.com.br\/index.php\/wp-json\/wp\/v2\/comments?post=32090"}],"version-history":[{"count":1,"href":"https:\/\/acontecenafronteira.com.br\/index.php\/wp-json\/wp\/v2\/posts\/32090\/revisions"}],"predecessor-version":[{"id":32095,"href":"https:\/\/acontecenafronteira.com.br\/index.php\/wp-json\/wp\/v2\/posts\/32090\/revisions\/32095"}],"wp:featuredmedia":[{"embeddable":true,"href":"https:\/\/acontecenafronteira.com.br\/index.php\/wp-json\/wp\/v2\/media\/32096"}],"wp:attachment":[{"href":"https:\/\/acontecenafronteira.com.br\/index.php\/wp-json\/wp\/v2\/media?parent=32090"}],"wp:term":[{"taxonomy":"category","embeddable":true,"href":"https:\/\/acontecenafronteira.com.br\/index.php\/wp-json\/wp\/v2\/categories?post=32090"},{"taxonomy":"post_tag","embeddable":true,"href":"https:\/\/acontecenafronteira.com.br\/index.php\/wp-json\/wp\/v2\/tags?post=32090"}],"curies":[{"name":"wp","href":"https:\/\/api.w.org\/{rel}","templated":true}]}}