{"id":32089,"date":"2026-08-31T00:37:03","date_gmt":"2026-08-31T03:37:03","guid":{"rendered":"https:\/\/acontecenafronteira.com.br\/?p=32089"},"modified":"2026-08-31T00:37:03","modified_gmt":"2026-08-31T03:37:03","slug":"congresso-decide-o-futuro-da-taxa-das-blusinhas-ate-setembro","status":"publish","type":"post","link":"https:\/\/acontecenafronteira.com.br\/index.php\/2026\/08\/31\/congresso-decide-o-futuro-da-taxa-das-blusinhas-ate-setembro\/","title":{"rendered":"Congresso decide o futuro da Taxa das Blusinhas at\u00e9 setembro"},"content":{"rendered":"<p>O Congresso Nacional tem at\u00e9 o dia 8 de setembro para votar a Medida Provis\u00f3ria n\u00ba 1.357\/2026, que pode derrubar de vez a conhecida <strong>Taxa das Blusinhas<\/strong>, o imposto federal de 20% aplicado a compras de at\u00e9 US$ 50 em sites internacionais de com\u00e9rcio eletr\u00f4nico.<\/p>\n<h2>Articula\u00e7\u00e3o pol\u00edtica e apoio do governo<\/h2>\n<\/p>\n<p>Recentemente, o Governo Federal e as mesas diretoras da C\u00e2mara e do Senado uniram for\u00e7as para garantir a derrubada definitiva da tarifa. O esfor\u00e7o concentrado em Bras\u00edlia gera grande expectativa em entidades do setor, como a Associa\u00e7\u00e3o Brasileira de Mobilidade e Tecnologia (Amobitec), que representa gigantes globais como SHEIN, Alibaba e Amazon.<\/p>\n<p>Setores empresariais e lideran\u00e7as avaliam que a elimina\u00e7\u00e3o do tributo \u00e9 essencial para garantir o acesso da popula\u00e7\u00e3o a itens b\u00e1sicos, como vestu\u00e1rio e material escolar, sem barre taxas que penalizam as fam\u00edlias de menor renda.<\/p>\n<h2>Impacto no bolso dos brasileiros e nas vendas<\/h2>\n<\/p>\n<p>Dados da consultoria Global Intelligence and Analytics apontam que o encarecimento das importa\u00e7\u00f5es \u2014 impulsionado pelo tributo federal somado ao ICMS \u2014 provocou uma retra\u00e7\u00e3o de 19,5% no volume de encomendas de baixo valor. As classes C, D e E foram as mais penalizadas pela alta de pre\u00e7os.<\/p>\n<p>Pesquisas recentes da Proteste indicam que 92% da popula\u00e7\u00e3o apoiam o fim da cobran\u00e7a. Al\u00e9m disso, 75% dos entrevistados relataram perda no poder de compra, sendo que o impacto foi sentido com mais for\u00e7a entre os consumidores de menor poder aquisitivo.<\/p>\n<h2>Fiscaliza\u00e7\u00e3o e o papel do Remessa Conforme<\/h2>\n<\/p>\n<p>Desde agosto de 2023, as compras estrangeiras contam com o Programa Remessa Conforme, que garante rigor aduaneiro e conformidade fiscal por meio da atua\u00e7\u00e3o conjunta da Receita Federal, Anvisa, Anatel e Inmetro. As principais plataformas internacionais adotaram o modelo voluntariamente, assegurando transpar\u00eancia nos pre\u00e7os e prazos \u00e1geis de entrega.<\/p>\n<p>O futuro da tributa\u00e7\u00e3o segue incerto a longo prazo, visto que, a partir de 2027, as opera\u00e7\u00f5es tamb\u00e9m estar\u00e3o na mira da Contribui\u00e7\u00e3o sobre Bens e Servi\u00e7os (CBS), dentro do contexto da Reforma Tribut\u00e1ria.<\/p>\n<p>Por Reda\u00e7\u00e3o Acontece<\/p>\n<p>Cr\u00e9ditos da imagem: Divulga\u00e7\u00e3o \/ Freepik<\/p>\n","protected":false},"excerpt":{"rendered":"<p>O Congresso Nacional tem at\u00e9 o dia 8 de setembro para votar a Medida Provis\u00f3ria n\u00ba 1.357\/2026, que pode derrubar de vez a conhecida Taxa das Blusinhas, o imposto federal de 20% aplicado a compras de at\u00e9 US$ 50 em sites internacionais de com\u00e9rcio eletr\u00f4nico. Articula\u00e7\u00e3o pol\u00edtica e apoio do governo Recentemente, o Governo Federal [&hellip;]<\/p>\n","protected":false},"author":0,"featured_media":32094,"comment_status":"open","ping_status":"open","sticky":false,"template":"","format":"standard","meta":{"footnotes":""},"categories":[6],"tags":[],"class_list":["post-32089","post","type-post","status-publish","format-standard","has-post-thumbnail","hentry","category-mercosul"],"_links":{"self":[{"href":"https:\/\/acontecenafronteira.com.br\/index.php\/wp-json\/wp\/v2\/posts\/32089","targetHints":{"allow":["GET"]}}],"collection":[{"href":"https:\/\/acontecenafronteira.com.br\/index.php\/wp-json\/wp\/v2\/posts"}],"about":[{"href":"https:\/\/acontecenafronteira.com.br\/index.php\/wp-json\/wp\/v2\/types\/post"}],"replies":[{"embeddable":true,"href":"https:\/\/acontecenafronteira.com.br\/index.php\/wp-json\/wp\/v2\/comments?post=32089"}],"version-history":[{"count":1,"href":"https:\/\/acontecenafronteira.com.br\/index.php\/wp-json\/wp\/v2\/posts\/32089\/revisions"}],"predecessor-version":[{"id":32093,"href":"https:\/\/acontecenafronteira.com.br\/index.php\/wp-json\/wp\/v2\/posts\/32089\/revisions\/32093"}],"wp:featuredmedia":[{"embeddable":true,"href":"https:\/\/acontecenafronteira.com.br\/index.php\/wp-json\/wp\/v2\/media\/32094"}],"wp:attachment":[{"href":"https:\/\/acontecenafronteira.com.br\/index.php\/wp-json\/wp\/v2\/media?parent=32089"}],"wp:term":[{"taxonomy":"category","embeddable":true,"href":"https:\/\/acontecenafronteira.com.br\/index.php\/wp-json\/wp\/v2\/categories?post=32089"},{"taxonomy":"post_tag","embeddable":true,"href":"https:\/\/acontecenafronteira.com.br\/index.php\/wp-json\/wp\/v2\/tags?post=32089"}],"curies":[{"name":"wp","href":"https:\/\/api.w.org\/{rel}","templated":true}]}}