{"id":32078,"date":"2026-08-31T00:36:03","date_gmt":"2026-08-31T03:36:03","guid":{"rendered":"https:\/\/acontecenafronteira.com.br\/?p=32078"},"modified":"2026-08-31T00:36:03","modified_gmt":"2026-08-31T03:36:03","slug":"governo-cobra-empresas-de-vale-refeicao-por-taxas-abusivas","status":"publish","type":"post","link":"https:\/\/acontecenafronteira.com.br\/index.php\/2026\/08\/31\/governo-cobra-empresas-de-vale-refeicao-por-taxas-abusivas\/","title":{"rendered":"Governo cobra empresas de vale-refei\u00e7\u00e3o por taxas abusivas"},"content":{"rendered":"<p>O Minist\u00e9rio do Trabalho determinou que as quatro principais empresas de <b>vale-refei\u00e7\u00e3o<\/b> e <b>vale-alimenta\u00e7\u00e3o<\/b> do pa\u00eds prestem esclarecimentos sobre as cobran\u00e7as aplicadas aos comerciantes.<\/p>\n<h2>Entenda o teto do PAT<\/h2>\n<p>Desde fevereiro, um decreto assinado pelo presidente Luiz In\u00e1cio Lula da Silva estipulou o limite m\u00e1ximo de 3,6% para as taxas cobradas dos estabelecimentos comerciais, como parte das novas regras do Programa de Alimenta\u00e7\u00e3o do Trabalhador, o PAT.<\/p>\n<h2>Aumento nas taxas cobradas<\/h2>\n<p>Apesar da regulamenta\u00e7\u00e3o federal, os percentuais cobrados pelo setor continuam crescendo em vez de ca\u00edrem.<\/p>\n<p>Pesquisas recentes conduzidas pelo Ipsos-Ipec revelam que a tarifa m\u00e9dia praticada subiu de 5,19% em abril para 6,18% no bimestre entre junho e julho, ultrapassando amplamente o teto estipulado pelo governo.<\/p>\n<p>Diante do descumprimento das normas estabelecidas pelo Planalto, as companhias notificadas precisar\u00e3o justificar os valores cobrados do com\u00e9rcio local.<\/p>\n<p>Por Reda\u00e7\u00e3o Acontece<\/p>\n<p>Cr\u00e9ditos da imagem: Divulga\u00e7\u00e3o\/Minist\u00e9rio do Trabalho<\/p>\n","protected":false},"excerpt":{"rendered":"<p>O Minist\u00e9rio do Trabalho determinou que as quatro principais empresas de vale-refei\u00e7\u00e3o e vale-alimenta\u00e7\u00e3o do pa\u00eds prestem esclarecimentos sobre as cobran\u00e7as aplicadas aos comerciantes. Entenda o teto do PAT Desde fevereiro, um decreto assinado pelo presidente Luiz In\u00e1cio Lula da Silva estipulou o limite m\u00e1ximo de 3,6% para as taxas cobradas dos estabelecimentos comerciais, como [&hellip;]<\/p>\n","protected":false},"author":0,"featured_media":32084,"comment_status":"open","ping_status":"open","sticky":false,"template":"","format":"standard","meta":{"footnotes":""},"categories":[28],"tags":[],"class_list":["post-32078","post","type-post","status-publish","format-standard","has-post-thumbnail","hentry","category-mundo"],"_links":{"self":[{"href":"https:\/\/acontecenafronteira.com.br\/index.php\/wp-json\/wp\/v2\/posts\/32078","targetHints":{"allow":["GET"]}}],"collection":[{"href":"https:\/\/acontecenafronteira.com.br\/index.php\/wp-json\/wp\/v2\/posts"}],"about":[{"href":"https:\/\/acontecenafronteira.com.br\/index.php\/wp-json\/wp\/v2\/types\/post"}],"replies":[{"embeddable":true,"href":"https:\/\/acontecenafronteira.com.br\/index.php\/wp-json\/wp\/v2\/comments?post=32078"}],"version-history":[{"count":1,"href":"https:\/\/acontecenafronteira.com.br\/index.php\/wp-json\/wp\/v2\/posts\/32078\/revisions"}],"predecessor-version":[{"id":32083,"href":"https:\/\/acontecenafronteira.com.br\/index.php\/wp-json\/wp\/v2\/posts\/32078\/revisions\/32083"}],"wp:featuredmedia":[{"embeddable":true,"href":"https:\/\/acontecenafronteira.com.br\/index.php\/wp-json\/wp\/v2\/media\/32084"}],"wp:attachment":[{"href":"https:\/\/acontecenafronteira.com.br\/index.php\/wp-json\/wp\/v2\/media?parent=32078"}],"wp:term":[{"taxonomy":"category","embeddable":true,"href":"https:\/\/acontecenafronteira.com.br\/index.php\/wp-json\/wp\/v2\/categories?post=32078"},{"taxonomy":"post_tag","embeddable":true,"href":"https:\/\/acontecenafronteira.com.br\/index.php\/wp-json\/wp\/v2\/tags?post=32078"}],"curies":[{"name":"wp","href":"https:\/\/api.w.org\/{rel}","templated":true}]}}