{"id":32077,"date":"2026-08-31T00:35:59","date_gmt":"2026-08-31T03:35:59","guid":{"rendered":"https:\/\/acontecenafronteira.com.br\/?p=32077"},"modified":"2026-08-31T00:35:59","modified_gmt":"2026-08-31T03:35:59","slug":"educacao-e-ignorada-por-candidatos-e-preocupa-o-brasil","status":"publish","type":"post","link":"https:\/\/acontecenafronteira.com.br\/index.php\/2026\/08\/31\/educacao-e-ignorada-por-candidatos-e-preocupa-o-brasil\/","title":{"rendered":"Educa\u00e7\u00e3o \u00e9 ignorada por candidatos e preocupa o Brasil"},"content":{"rendered":"<p>As campanhas eleitorais deveriam servir como palco para debater o futuro da na\u00e7\u00e3o, mas o tema mais estrat\u00e9gico para o progresso brasileiro tem sido lamentavelmente negligenciado pelos postulantes a cargos p\u00fablicos.<\/p>\n<h2>Assuntos econ\u00f4micos ganham destaque<\/h2>\n<p>Enquanto temas como a explora\u00e7\u00e3o de petr\u00f3leo na Margem Equatorial, as tarifas impostas pelos Estados Unidos, o mercado de terras-raras, as pol\u00eamicas emendas parlamentares, os juros elevados e os casos de corrup\u00e7\u00e3o dominam os debates, a melhoria do ensino b\u00e1sico e superior \u00e9 deixada em segundo plano.<\/p>\n<h2>O impacto da aus\u00eancia do debate escolar<\/h2>\n<p>Nenhuma estrat\u00e9gia industrial, comercial, fiscal ou de redistribui\u00e7\u00e3o de renda ser\u00e1 capaz de projetar o Brasil a um patamar superior de desenvolvimento enquanto a base da sociedade permanecer sem a qualifica\u00e7\u00e3o necess\u00e1ria para atender \u00e0s demandas da economia contempor\u00e2nea.<\/p>\n<h2>O abismo tecnol\u00f3gico e educacional<\/h2>\n<p>Os especialistas alertam que a dist\u00e2ncia entre a realidade das salas de aula brasileiras e as exig\u00eancias do mercado global atual ainda \u00e9 alarmante, exigindo uma guinada urgente nos planos de governo para evitar o atraso tecnol\u00f3gico e social.<\/p>\n<p>Sem um compromisso real com a melhoria do aprendizado em larga escala, as promessas de crescimento econ\u00f4mico perdem a sustentabilidade a m\u00e9dio e longo prazo, comprometendo as pr\u00f3ximas gera\u00e7\u00f5es de trabalhadores.<\/p>\n<p>Por Reda\u00e7\u00e3o Acontece<\/p>\n<p>Cr\u00e9ditos da imagem: Divulga\u00e7\u00e3o\/Pixabay<\/p>\n","protected":false},"excerpt":{"rendered":"<p>As campanhas eleitorais deveriam servir como palco para debater o futuro da na\u00e7\u00e3o, mas o tema mais estrat\u00e9gico para o progresso brasileiro tem sido lamentavelmente negligenciado pelos postulantes a cargos p\u00fablicos. Assuntos econ\u00f4micos ganham destaque Enquanto temas como a explora\u00e7\u00e3o de petr\u00f3leo na Margem Equatorial, as tarifas impostas pelos Estados Unidos, o mercado de terras-raras, [&hellip;]<\/p>\n","protected":false},"author":0,"featured_media":32082,"comment_status":"open","ping_status":"open","sticky":false,"template":"","format":"standard","meta":{"footnotes":""},"categories":[28],"tags":[],"class_list":["post-32077","post","type-post","status-publish","format-standard","has-post-thumbnail","hentry","category-mundo"],"_links":{"self":[{"href":"https:\/\/acontecenafronteira.com.br\/index.php\/wp-json\/wp\/v2\/posts\/32077","targetHints":{"allow":["GET"]}}],"collection":[{"href":"https:\/\/acontecenafronteira.com.br\/index.php\/wp-json\/wp\/v2\/posts"}],"about":[{"href":"https:\/\/acontecenafronteira.com.br\/index.php\/wp-json\/wp\/v2\/types\/post"}],"replies":[{"embeddable":true,"href":"https:\/\/acontecenafronteira.com.br\/index.php\/wp-json\/wp\/v2\/comments?post=32077"}],"version-history":[{"count":1,"href":"https:\/\/acontecenafronteira.com.br\/index.php\/wp-json\/wp\/v2\/posts\/32077\/revisions"}],"predecessor-version":[{"id":32081,"href":"https:\/\/acontecenafronteira.com.br\/index.php\/wp-json\/wp\/v2\/posts\/32077\/revisions\/32081"}],"wp:featuredmedia":[{"embeddable":true,"href":"https:\/\/acontecenafronteira.com.br\/index.php\/wp-json\/wp\/v2\/media\/32082"}],"wp:attachment":[{"href":"https:\/\/acontecenafronteira.com.br\/index.php\/wp-json\/wp\/v2\/media?parent=32077"}],"wp:term":[{"taxonomy":"category","embeddable":true,"href":"https:\/\/acontecenafronteira.com.br\/index.php\/wp-json\/wp\/v2\/categories?post=32077"},{"taxonomy":"post_tag","embeddable":true,"href":"https:\/\/acontecenafronteira.com.br\/index.php\/wp-json\/wp\/v2\/tags?post=32077"}],"curies":[{"name":"wp","href":"https:\/\/api.w.org\/{rel}","templated":true}]}}