{"id":32068,"date":"2026-08-30T23:36:33","date_gmt":"2026-08-31T02:36:33","guid":{"rendered":"https:\/\/acontecenafronteira.com.br\/?p=32068"},"modified":"2026-08-30T23:36:33","modified_gmt":"2026-08-31T02:36:33","slug":"ex-palmeiras-agride-rivais-apos-expulsao-em-jogo-da-serie-d","status":"publish","type":"post","link":"https:\/\/acontecenafronteira.com.br\/index.php\/2026\/08\/30\/ex-palmeiras-agride-rivais-apos-expulsao-em-jogo-da-serie-d\/","title":{"rendered":"Ex-Palmeiras agride rivais ap\u00f3s expuls\u00e3o em jogo da S\u00e9rie D"},"content":{"rendered":"<p>Uma vaga na grande decis\u00e3o da S\u00e9rie D ZeroUm terminou em pancadaria generalizada no gramado ap\u00f3s a elimina\u00e7\u00e3o do Gama-DF pelo ASA-AL, manchando o futebol nacional com cenas lament\u00e1veis de viol\u00eancia.<\/p>\n<h2>A expuls\u00e3o e o in\u00edcio da briga<\/h2>\n<p>O estopim do conflito ocorreu aos 44 minutos do segundo tempo, quando o experiente atacante Luan, com passagens por clubes de express\u00e3o como Palmeiras e Cruzeiro, desferiu uma cotovelada no atleta Allef.<\/p>\n<p>Ap\u00f3s a checagem do \u00e1rbitro de v\u00eddeo e a exibi\u00e7\u00e3o do cart\u00e3o vermelho, o jogador perdeu o controle emocional, partiu para cima dos oponentes e desferiu diversos socos.<\/p>\n<h2>Atletas agredidos e interven\u00e7\u00e3o policial<\/h2>\n<p>A f\u00faria do centroavante atingiu diretamente o zagueiro Romi Lobo, o goleiro Rafael Mariano e o meia Richard Franco, gerando um verdadeiro caos esportivo no campo.<\/p>\n<p>Diante da gravidade da confus\u00e3o, que tamb\u00e9m resultou na expuls\u00e3o do atacante Daniel Guerreiro, a Pol\u00edcia Militar precisou ser acionada e invadiu o gramado para conter os \u00e2nimos.<\/p>\n<h2>Fim de jogo e vaga na final<\/h2>\n<p>Com o clima insustent\u00e1vel, a arbitragem decidiu encerrar o confronto sem que a partida fosse retomada, mantendo o empate sem gols no placar.<\/p>\n<p>Como o time alagoano j\u00e1 havia vencido o duelo de ida por 2 x 0, o resultado confirmou a classifica\u00e7\u00e3o do ASA para a decis\u00e3o do campeonato nacional.<\/p>\n<p>Na disputa pelo t\u00edtulo da S\u00e9rie D ZeroUm, a equipe nordestina vai encarar o Uberl\u00e2ndia, que garantiu sua vaga ao despachar o ABC-RN na outra chave da semifinal.<\/p>\n<p>Por Reda\u00e7\u00e3o Acontece<\/p>\n<p>Cr\u00e9ditos da imagem: Reprodu\u00e7\u00e3o<\/p>\n","protected":false},"excerpt":{"rendered":"<p>Uma vaga na grande decis\u00e3o da S\u00e9rie D ZeroUm terminou em pancadaria generalizada no gramado ap\u00f3s a elimina\u00e7\u00e3o do Gama-DF pelo ASA-AL, manchando o futebol nacional com cenas lament\u00e1veis de viol\u00eancia. A expuls\u00e3o e o in\u00edcio da briga O estopim do conflito ocorreu aos 44 minutos do segundo tempo, quando o experiente atacante Luan, com [&hellip;]<\/p>\n","protected":false},"author":0,"featured_media":32076,"comment_status":"open","ping_status":"open","sticky":false,"template":"","format":"standard","meta":{"footnotes":""},"categories":[6],"tags":[],"class_list":["post-32068","post","type-post","status-publish","format-standard","has-post-thumbnail","hentry","category-mercosul"],"_links":{"self":[{"href":"https:\/\/acontecenafronteira.com.br\/index.php\/wp-json\/wp\/v2\/posts\/32068","targetHints":{"allow":["GET"]}}],"collection":[{"href":"https:\/\/acontecenafronteira.com.br\/index.php\/wp-json\/wp\/v2\/posts"}],"about":[{"href":"https:\/\/acontecenafronteira.com.br\/index.php\/wp-json\/wp\/v2\/types\/post"}],"replies":[{"embeddable":true,"href":"https:\/\/acontecenafronteira.com.br\/index.php\/wp-json\/wp\/v2\/comments?post=32068"}],"version-history":[{"count":1,"href":"https:\/\/acontecenafronteira.com.br\/index.php\/wp-json\/wp\/v2\/posts\/32068\/revisions"}],"predecessor-version":[{"id":32075,"href":"https:\/\/acontecenafronteira.com.br\/index.php\/wp-json\/wp\/v2\/posts\/32068\/revisions\/32075"}],"wp:featuredmedia":[{"embeddable":true,"href":"https:\/\/acontecenafronteira.com.br\/index.php\/wp-json\/wp\/v2\/media\/32076"}],"wp:attachment":[{"href":"https:\/\/acontecenafronteira.com.br\/index.php\/wp-json\/wp\/v2\/media?parent=32068"}],"wp:term":[{"taxonomy":"category","embeddable":true,"href":"https:\/\/acontecenafronteira.com.br\/index.php\/wp-json\/wp\/v2\/categories?post=32068"},{"taxonomy":"post_tag","embeddable":true,"href":"https:\/\/acontecenafronteira.com.br\/index.php\/wp-json\/wp\/v2\/tags?post=32068"}],"curies":[{"name":"wp","href":"https:\/\/api.w.org\/{rel}","templated":true}]}}