{"id":32067,"date":"2026-08-30T23:36:29","date_gmt":"2026-08-31T02:36:29","guid":{"rendered":"https:\/\/acontecenafronteira.com.br\/?p=32067"},"modified":"2026-08-30T23:36:29","modified_gmt":"2026-08-31T02:36:29","slug":"bahia-bate-o-inter-de-virada-e-entra-no-g-5-do-brasileirao","status":"publish","type":"post","link":"https:\/\/acontecenafronteira.com.br\/index.php\/2026\/08\/30\/bahia-bate-o-inter-de-virada-e-entra-no-g-5-do-brasileirao\/","title":{"rendered":"Bahia bate o Inter de virada e entra no G-5 do Brasileir\u00e3o"},"content":{"rendered":"<p>O Esquadr\u00e3o de A\u00e7o protagonizou uma grande rea\u00e7\u00e3o neste domingo (30\/8) ao derrotar o Internacional por 3 a 2, em confronto v\u00e1lido pela 25\u00aa rodada do Campeonato Brasileiro, realizado na Casa de Apostas Arena Fonte Nova.<\/p>\n<h2>Destaque da partida<\/h2>\n<p>O confronto come\u00e7ou favor\u00e1vel aos visitantes, que abriram o marcador com Alan Patrick. No entanto, o atacante Erick Pulga assumiu o protagonismo da noite ao balan\u00e7ar as redes duas vezes consecutivas, virando o placar ainda na etapa inicial e ampliando a vantagem dos donos da casa.<\/p>\n<h2>Rea\u00e7\u00e3o colorada e tabela<\/h2>\n<p>No segundo tempo, a equipe ga\u00facha tentou reagir e diminuiu a diferen\u00e7a com um gol de Vitinho, mas o resultado n\u00e3o foi alterado at\u00e9 o apito final. Com este triunfo importante, o clube baiano saltou para a 5\u00aa coloca\u00e7\u00e3o na tabela de classifica\u00e7\u00e3o, somando agora 40 pontos.<\/p>\n<h2>Situa\u00e7\u00e3o do advers\u00e1rio<\/h2>\n<p>Por outro lado, o rev\u00e9s custou caro para o Colorado, que estacionou nos 25 pontos, caiu duas posi\u00e7\u00f5es e retornou \u00e0 temida zona de rebaixamento, ocupando atualmente o 18\u00ba lugar no torneio nacional.<\/p>\n<h2>Pr\u00f3ximos desafios<\/h2>\n<p>O time ga\u00facho foca agora suas aten\u00e7\u00f5es na Copa do Brasil e ter\u00e1 um cl\u00e1ssico decisivo contra o Gr\u00eamio nesta quinta-feira (3\/9), \u00e0s 20h, pelas quartas de final. J\u00e1 o Esquadr\u00e3o viaja para enfrentar o Bragantino no pr\u00f3ximo s\u00e1bado (5\/9), no est\u00e1dio C\u00edcero de Souza Marques, pela sequ\u00eancia do campeonato nacional.<\/p>\n<p>Por Reda\u00e7\u00e3o Acontece<\/p>\n<p>Foto: Divulga\u00e7\u00e3o\/EC Bahia<\/p>\n","protected":false},"excerpt":{"rendered":"<p>O Esquadr\u00e3o de A\u00e7o protagonizou uma grande rea\u00e7\u00e3o neste domingo (30\/8) ao derrotar o Internacional por 3 a 2, em confronto v\u00e1lido pela 25\u00aa rodada do Campeonato Brasileiro, realizado na Casa de Apostas Arena Fonte Nova. Destaque da partida O confronto come\u00e7ou favor\u00e1vel aos visitantes, que abriram o marcador com Alan Patrick. No entanto, o [&hellip;]<\/p>\n","protected":false},"author":0,"featured_media":32074,"comment_status":"open","ping_status":"open","sticky":false,"template":"","format":"standard","meta":{"footnotes":""},"categories":[6],"tags":[],"class_list":["post-32067","post","type-post","status-publish","format-standard","has-post-thumbnail","hentry","category-mercosul"],"_links":{"self":[{"href":"https:\/\/acontecenafronteira.com.br\/index.php\/wp-json\/wp\/v2\/posts\/32067","targetHints":{"allow":["GET"]}}],"collection":[{"href":"https:\/\/acontecenafronteira.com.br\/index.php\/wp-json\/wp\/v2\/posts"}],"about":[{"href":"https:\/\/acontecenafronteira.com.br\/index.php\/wp-json\/wp\/v2\/types\/post"}],"replies":[{"embeddable":true,"href":"https:\/\/acontecenafronteira.com.br\/index.php\/wp-json\/wp\/v2\/comments?post=32067"}],"version-history":[{"count":1,"href":"https:\/\/acontecenafronteira.com.br\/index.php\/wp-json\/wp\/v2\/posts\/32067\/revisions"}],"predecessor-version":[{"id":32073,"href":"https:\/\/acontecenafronteira.com.br\/index.php\/wp-json\/wp\/v2\/posts\/32067\/revisions\/32073"}],"wp:featuredmedia":[{"embeddable":true,"href":"https:\/\/acontecenafronteira.com.br\/index.php\/wp-json\/wp\/v2\/media\/32074"}],"wp:attachment":[{"href":"https:\/\/acontecenafronteira.com.br\/index.php\/wp-json\/wp\/v2\/media?parent=32067"}],"wp:term":[{"taxonomy":"category","embeddable":true,"href":"https:\/\/acontecenafronteira.com.br\/index.php\/wp-json\/wp\/v2\/categories?post=32067"},{"taxonomy":"post_tag","embeddable":true,"href":"https:\/\/acontecenafronteira.com.br\/index.php\/wp-json\/wp\/v2\/tags?post=32067"}],"curies":[{"name":"wp","href":"https:\/\/api.w.org\/{rel}","templated":true}]}}