{"id":32065,"date":"2026-08-30T23:36:12","date_gmt":"2026-08-31T02:36:12","guid":{"rendered":"https:\/\/acontecenafronteira.com.br\/?p=32065"},"modified":"2026-08-30T23:36:12","modified_gmt":"2026-08-31T02:36:12","slug":"homem-e-preso-apos-perseguir-e-assediar-jovem-no-metro-de-brasilia","status":"publish","type":"post","link":"https:\/\/acontecenafronteira.com.br\/index.php\/2026\/08\/30\/homem-e-preso-apos-perseguir-e-assediar-jovem-no-metro-de-brasilia\/","title":{"rendered":"Homem \u00e9 preso ap\u00f3s perseguir e assediar jovem no metr\u00f4 de Bras\u00edlia"},"content":{"rendered":"<p>Uma jovem de 22 anos foi alvo de importuna\u00e7\u00e3o sexual na sa\u00edda da esta\u00e7\u00e3o de metr\u00f4 da Galeria dos Estados, na regi\u00e3o central de Bras\u00edlia, no \u00faltimo domingo (30\/8). O suspeito, um homem em situa\u00e7\u00e3o de rua, acabou preso em flagrante pela Pol\u00edcia Militar do Distrito Federal ap\u00f3s perseguir a v\u00edtima e tentar atac\u00e1-la dentro de um ve\u00edculo.<\/p>\n<h2>A din\u00e2mica da persegui\u00e7\u00e3o na \u00e1rea central<\/h2>\n<p>De acordo com o depoimento prestado \u00e0 Pol\u00edcia Civil do Distrito Federal, a v\u00edtima caminhava pelo local movimentado para encontrar a namorada, que a esperava de carro perto de um ponto de \u00f4nibus. Durante o trajeto, ela notou que estava sendo vigiada e seguida de perto pelo indiv\u00edduo, que reduzia a dist\u00e2ncia constantemente at\u00e9 quase colar em seu corpo, ignorando a presen\u00e7a de outros pedestres na regi\u00e3o.<\/p>\n<p>Conseguindo alcan\u00e7ar o autom\u00f3vel, a jovem entrou pelo lado do passageiro, mas o perseguidor continuou a investida. O homem desferiu tr\u00eas socos contra o vidro do ve\u00edculo e, aproveitando o momento em que a motorista aguardava outro carro passar na via para evitar uma colis\u00e3o, abriu a porta e tocou na v\u00edtima. A motorista agiu r\u00e1pido para arrancar e escapar ap\u00f3s a jovem fechar a porta novamente.<\/p>\n<h2>A\u00e7\u00e3o policial e pris\u00e3o em flagrante<\/h2>\n<p>Ap\u00f3s fugirem do local, o casal localizou uma viatura da Pol\u00edcia Militar nas imedia\u00e7\u00f5es do Conic e detalhou a ocorr\u00eancia. O 6\u00ba Batalh\u00e3o da PMDF mobilizou equipes rapidamente e encontrou o suspeito nas redondezas do crime. No momento da abordagem, os militares acharam v\u00e1rios preservativos com ele, embora a pol\u00edcia tenha esclarecido que os itens serviram apenas como contexto investigativo, sem peso probat\u00f3rio direto.<\/p>\n<p>Devido aos evidentes sinais de embriaguez e \u00e0 fala desconexa, o indiv\u00edduo n\u00e3o passou por interrogat\u00f3rio imediato. Ele foi conduzido diretamente para a 5\u00aa Delegacia de Pol\u00edcia, situada na Asa Norte. A v\u00edtima sofreu uma les\u00e3o em um dos bra\u00e7os durante a confus\u00e3o e precisou ser encaminhada ao Instituto M\u00e9dico Legal para passar por exames periciais.<\/p>\n<h2>Enquadramento legal do crime<\/h2>\n<p>O delegado respons\u00e1vel pelo caso na 5\u00aa DP, S\u00e9rgio Bautzer, apontou que existem provas e ind\u00edcios s\u00f3lidos para autuar o suspeito por importuna\u00e7\u00e3o sexual na modalidade tentada. A investiga\u00e7\u00e3o concluiu que o ato il\u00edcito s\u00f3 n\u00e3o se consumou totalmente devido \u00e0 rea\u00e7\u00e3o r\u00e1pida das mulheres e a circunst\u00e2ncias externas \u00e0 vontade do agressor. O homem permanece detido e \u00e0 disposi\u00e7\u00e3o da Justi\u00e7a brasiliense.<\/p>\n<p>Por Reda\u00e7\u00e3o Acontece<\/p>\n<p>Imagem: Divulga\u00e7\u00e3o \/ PMDF<\/p>\n","protected":false},"excerpt":{"rendered":"<p>Uma jovem de 22 anos foi alvo de importuna\u00e7\u00e3o sexual na sa\u00edda da esta\u00e7\u00e3o de metr\u00f4 da Galeria dos Estados, na regi\u00e3o central de Bras\u00edlia, no \u00faltimo domingo (30\/8). O suspeito, um homem em situa\u00e7\u00e3o de rua, acabou preso em flagrante pela Pol\u00edcia Militar do Distrito Federal ap\u00f3s perseguir a v\u00edtima e tentar atac\u00e1-la dentro [&hellip;]<\/p>\n","protected":false},"author":0,"featured_media":32070,"comment_status":"open","ping_status":"open","sticky":false,"template":"","format":"standard","meta":{"footnotes":""},"categories":[6],"tags":[],"class_list":["post-32065","post","type-post","status-publish","format-standard","has-post-thumbnail","hentry","category-mercosul"],"_links":{"self":[{"href":"https:\/\/acontecenafronteira.com.br\/index.php\/wp-json\/wp\/v2\/posts\/32065","targetHints":{"allow":["GET"]}}],"collection":[{"href":"https:\/\/acontecenafronteira.com.br\/index.php\/wp-json\/wp\/v2\/posts"}],"about":[{"href":"https:\/\/acontecenafronteira.com.br\/index.php\/wp-json\/wp\/v2\/types\/post"}],"replies":[{"embeddable":true,"href":"https:\/\/acontecenafronteira.com.br\/index.php\/wp-json\/wp\/v2\/comments?post=32065"}],"version-history":[{"count":1,"href":"https:\/\/acontecenafronteira.com.br\/index.php\/wp-json\/wp\/v2\/posts\/32065\/revisions"}],"predecessor-version":[{"id":32069,"href":"https:\/\/acontecenafronteira.com.br\/index.php\/wp-json\/wp\/v2\/posts\/32065\/revisions\/32069"}],"wp:featuredmedia":[{"embeddable":true,"href":"https:\/\/acontecenafronteira.com.br\/index.php\/wp-json\/wp\/v2\/media\/32070"}],"wp:attachment":[{"href":"https:\/\/acontecenafronteira.com.br\/index.php\/wp-json\/wp\/v2\/media?parent=32065"}],"wp:term":[{"taxonomy":"category","embeddable":true,"href":"https:\/\/acontecenafronteira.com.br\/index.php\/wp-json\/wp\/v2\/categories?post=32065"},{"taxonomy":"post_tag","embeddable":true,"href":"https:\/\/acontecenafronteira.com.br\/index.php\/wp-json\/wp\/v2\/tags?post=32065"}],"curies":[{"name":"wp","href":"https:\/\/api.w.org\/{rel}","templated":true}]}}