{"id":32057,"date":"2026-08-30T23:36:07","date_gmt":"2026-08-31T02:36:07","guid":{"rendered":"https:\/\/acontecenafronteira.com.br\/?p=32057"},"modified":"2026-08-30T23:36:07","modified_gmt":"2026-08-31T02:36:07","slug":"governo-injeta-r-6-bi-nos-correios-para-garantir-estabilidade","status":"publish","type":"post","link":"https:\/\/acontecenafronteira.com.br\/index.php\/2026\/08\/30\/governo-injeta-r-6-bi-nos-correios-para-garantir-estabilidade\/","title":{"rendered":"Governo injeta R$ 6 bi nos Correios para garantir estabilidade"},"content":{"rendered":"<p>O governo federal confirmou neste domingo a inclus\u00e3o de uma previs\u00e3o de <b>aporte financeiro<\/b> de R$ 6 bilh\u00f5es para os Correios no projeto de lei or\u00e7ament\u00e1ria anual (PLOA) de 2027, que ser\u00e1 encaminhado ao Congresso na pr\u00f3xima segunda-feira.<\/p>\n<h2>Estabilidade e reestrutura\u00e7\u00e3o financeira<\/h2>\n<p>Em comunicado conjunto assinado pelos ministros das Comunica\u00e7\u00f5es, Frederico de Siqueira Filho; da Gest\u00e3o e da Inova\u00e7\u00e3o em Servi\u00e7os P\u00fablicos, Esther Dweck; e do Planejamento, Bruno Moretti, o Executivo destacou que a medida visa proporcionar maior solidez para a companhia. Os recursos est\u00e3o previstos no contrato do empr\u00e9stimo de R$ 12 bilh\u00f5es obtido pela empresa no ano passado. De acordo com a pasta, a inje\u00e7\u00e3o de capital permitir\u00e1 que a estatal negocie com mais seguran\u00e7a junto a parceiros e avance em seu <b>Plano de Reestrutura\u00e7\u00e3o<\/b>.<\/p>\n<h2>Balan\u00e7o financeiro e preju\u00edzos recentes<\/h2>\n<p>No final do ano passado, a empresa contou com o suporte do Tesouro Nacional para viabilizar um empr\u00e9stimo banc\u00e1rio com o intuito de quitar pend\u00eancias financeiras, per\u00edodo em que acumulou um resultado negativo de R$ 8,5 bilh\u00f5es. Recentemente, a companhia divulgou um preju\u00edzo de R$ 2,4 bilh\u00f5es referente ao segundo trimestre de 2026, indicando um recuo de 5,5% em compara\u00e7\u00e3o com os R$ 2,53 bilh\u00f5es negativos registrados no mesmo intervalo de 2025.<\/p>\n<h3>Balan\u00e7o do primeiro semestre<\/h3>\n<p>No acumulado dos primeiros seis meses de 2026, a estatal contabilizou perdas de R$ 5,55 bilh\u00f5es, o que representa uma alta de 30,4% sobre o patamar de R$ 4,26 bilh\u00f5es reportado em igual per\u00edodo do ano anterior.<\/p>\n<h2>Medidas de controle de gastos<\/h2>\n<p>Apesar dos n\u00fameros negativos, o governo ressaltou que a empresa tem implementado cortes de despesas, buscado novas fontes de receita e trabalhado para equilibrar o fluxo de caixa. O processo resultou na renegocia\u00e7\u00e3o e no barateamento do endividamento, fazendo com que o semestre fosse encerrado sem obriga\u00e7\u00f5es financeiras de curto prazo vencidas. Os disp\u00eandios operacionais somaram R$ 7,6 bilh\u00f5es nos primeiros seis meses do ano, ficando 14% abaixo da previs\u00e3o or\u00e7ament\u00e1ria. Paralelamente, as despesas com folha de pagamento ca\u00edram cerca de 4%, impulsionadas pelo programa de desligamento volunt\u00e1rio.<\/p>\n<p>Por Reda\u00e7\u00e3o Acontece<\/p>\n<p>Cr\u00e9ditos da imagem: Divulga\u00e7\u00e3o \/ Correios<\/p>\n","protected":false},"excerpt":{"rendered":"<p>O governo federal confirmou neste domingo a inclus\u00e3o de uma previs\u00e3o de aporte financeiro de R$ 6 bilh\u00f5es para os Correios no projeto de lei or\u00e7ament\u00e1ria anual (PLOA) de 2027, que ser\u00e1 encaminhado ao Congresso na pr\u00f3xima segunda-feira. Estabilidade e reestrutura\u00e7\u00e3o financeira Em comunicado conjunto assinado pelos ministros das Comunica\u00e7\u00f5es, Frederico de Siqueira Filho; da [&hellip;]<\/p>\n","protected":false},"author":0,"featured_media":32064,"comment_status":"open","ping_status":"open","sticky":false,"template":"","format":"standard","meta":{"footnotes":""},"categories":[28],"tags":[],"class_list":["post-32057","post","type-post","status-publish","format-standard","has-post-thumbnail","hentry","category-mundo"],"_links":{"self":[{"href":"https:\/\/acontecenafronteira.com.br\/index.php\/wp-json\/wp\/v2\/posts\/32057","targetHints":{"allow":["GET"]}}],"collection":[{"href":"https:\/\/acontecenafronteira.com.br\/index.php\/wp-json\/wp\/v2\/posts"}],"about":[{"href":"https:\/\/acontecenafronteira.com.br\/index.php\/wp-json\/wp\/v2\/types\/post"}],"replies":[{"embeddable":true,"href":"https:\/\/acontecenafronteira.com.br\/index.php\/wp-json\/wp\/v2\/comments?post=32057"}],"version-history":[{"count":1,"href":"https:\/\/acontecenafronteira.com.br\/index.php\/wp-json\/wp\/v2\/posts\/32057\/revisions"}],"predecessor-version":[{"id":32063,"href":"https:\/\/acontecenafronteira.com.br\/index.php\/wp-json\/wp\/v2\/posts\/32057\/revisions\/32063"}],"wp:featuredmedia":[{"embeddable":true,"href":"https:\/\/acontecenafronteira.com.br\/index.php\/wp-json\/wp\/v2\/media\/32064"}],"wp:attachment":[{"href":"https:\/\/acontecenafronteira.com.br\/index.php\/wp-json\/wp\/v2\/media?parent=32057"}],"wp:term":[{"taxonomy":"category","embeddable":true,"href":"https:\/\/acontecenafronteira.com.br\/index.php\/wp-json\/wp\/v2\/categories?post=32057"},{"taxonomy":"post_tag","embeddable":true,"href":"https:\/\/acontecenafronteira.com.br\/index.php\/wp-json\/wp\/v2\/tags?post=32057"}],"curies":[{"name":"wp","href":"https:\/\/api.w.org\/{rel}","templated":true}]}}