{"id":32055,"date":"2026-08-30T23:36:01","date_gmt":"2026-08-31T02:36:01","guid":{"rendered":"https:\/\/acontecenafronteira.com.br\/?p=32055"},"modified":"2026-08-30T23:36:01","modified_gmt":"2026-08-31T02:36:01","slug":"cinema-argentino-aposta-em-novos-filmes-para-o-oscar-2027","status":"publish","type":"post","link":"https:\/\/acontecenafronteira.com.br\/index.php\/2026\/08\/30\/cinema-argentino-aposta-em-novos-filmes-para-o-oscar-2027\/","title":{"rendered":"Cinema argentino aposta em novos filmes para o Oscar 2027"},"content":{"rendered":"<p>A cinematografia argentina j\u00e1 movimenta os bastidores para definir seu representante na categoria de Melhor Filme Internacional no Oscar 2027, com an\u00fancio oficial marcado para o pr\u00f3ximo dia 28 de setembro.<\/p>\n<h2>Favoritos na disputa e tradi\u00e7\u00e3o no pr\u00eamio<\/h2>\n<p>A escolha do concorrente ocorre em um momento de renova\u00e7\u00e3o da ind\u00fastria audiovisual do pa\u00eds vizinho, que acumula duas estatuetas hist\u00f3ricas com \u201cA hist\u00f3ria oficial\u201d (1986) e \u201cO segredo dos seus olhos\u201d (2010).<\/p>\n<p>Segundo o jornal La Naci\u00f3n, quatro produ\u00e7\u00f5es lideram as apostas: <strong>\u201cParque Lezama\u201d<\/strong>, comandado por Juan Jos\u00e9 Campanella; o document\u00e1rio <strong>\u201cEl partido\u201d<\/strong>, assinado por Juan Cabral e Santiago Franco; <strong>\u201cNuestra tierra\u201d<\/strong>, primeira incurs\u00e3o documental da cineasta Lucrecia Martel; e <strong>\u201cLa virgen de la tosquera\u201d<\/strong>, dirigido por Laura Casab\u00e9.<\/p>\n<h2>Maratona em festivais internacionais<\/h2>\n<p>Al\u00e9m da corrida pela vaga na premia\u00e7\u00e3o americana, os lan\u00e7amentos argentinos ganham destaque nos principais eventos cinematogr\u00e1ficos do mundo, como Veneza, Toronto, Nova York, San Sebasti\u00e1n e Londres.<\/p>\n<p>Entre as obras mais aguardadas est\u00e1 <strong>\u201cGlaxo\u201d<\/strong>, de Benjam\u00edn Naishtat, com estreia programada para o Festival de Toronto. Outro destaque \u00e9 a ambiciosa <strong>\u201cBiograf\u00eda de Jorge Luis Borges\u201d<\/strong>, projeto de cinco horas e meia dirigido por Mariano Llin\u00e1s.<\/p>\n<h2>Estrelas consagradas e novas parcerias<\/h2>\n<p>O Festival de San Sebasti\u00e1n receber\u00e1 o lan\u00e7amento mundial de <strong>\u201cLo dejamos ac\u00e1\u201d<\/strong>, estrelado por Ricardo Dar\u00edn e Diego Peretti sob a dire\u00e7\u00e3o de Hern\u00e1n Goldfrid, com produ\u00e7\u00e3o voltada para o streaming.<\/p>\n<p>A forte circula\u00e7\u00e3o por circuitos globais \u00e9 vista como um passo estrat\u00e9gico para consolidar a visibilidade da nova safra de produ\u00e7\u00f5es locais e impulsionar as chances na disputa por trof\u00e9us ao redor do planeta.<\/p>\n<p>Por Reda\u00e7\u00e3o Acontece<\/p>\n<p>Cr\u00e9ditos da imagem: Divulga\u00e7\u00e3o \/ Produ\u00e7\u00e3o Argentina<\/p>\n","protected":false},"excerpt":{"rendered":"<p>A cinematografia argentina j\u00e1 movimenta os bastidores para definir seu representante na categoria de Melhor Filme Internacional no Oscar 2027, com an\u00fancio oficial marcado para o pr\u00f3ximo dia 28 de setembro. Favoritos na disputa e tradi\u00e7\u00e3o no pr\u00eamio A escolha do concorrente ocorre em um momento de renova\u00e7\u00e3o da ind\u00fastria audiovisual do pa\u00eds vizinho, que [&hellip;]<\/p>\n","protected":false},"author":0,"featured_media":32061,"comment_status":"open","ping_status":"open","sticky":false,"template":"","format":"standard","meta":{"footnotes":""},"categories":[28],"tags":[],"class_list":["post-32055","post","type-post","status-publish","format-standard","has-post-thumbnail","hentry","category-mundo"],"_links":{"self":[{"href":"https:\/\/acontecenafronteira.com.br\/index.php\/wp-json\/wp\/v2\/posts\/32055","targetHints":{"allow":["GET"]}}],"collection":[{"href":"https:\/\/acontecenafronteira.com.br\/index.php\/wp-json\/wp\/v2\/posts"}],"about":[{"href":"https:\/\/acontecenafronteira.com.br\/index.php\/wp-json\/wp\/v2\/types\/post"}],"replies":[{"embeddable":true,"href":"https:\/\/acontecenafronteira.com.br\/index.php\/wp-json\/wp\/v2\/comments?post=32055"}],"version-history":[{"count":1,"href":"https:\/\/acontecenafronteira.com.br\/index.php\/wp-json\/wp\/v2\/posts\/32055\/revisions"}],"predecessor-version":[{"id":32060,"href":"https:\/\/acontecenafronteira.com.br\/index.php\/wp-json\/wp\/v2\/posts\/32055\/revisions\/32060"}],"wp:featuredmedia":[{"embeddable":true,"href":"https:\/\/acontecenafronteira.com.br\/index.php\/wp-json\/wp\/v2\/media\/32061"}],"wp:attachment":[{"href":"https:\/\/acontecenafronteira.com.br\/index.php\/wp-json\/wp\/v2\/media?parent=32055"}],"wp:term":[{"taxonomy":"category","embeddable":true,"href":"https:\/\/acontecenafronteira.com.br\/index.php\/wp-json\/wp\/v2\/categories?post=32055"},{"taxonomy":"post_tag","embeddable":true,"href":"https:\/\/acontecenafronteira.com.br\/index.php\/wp-json\/wp\/v2\/tags?post=32055"}],"curies":[{"name":"wp","href":"https:\/\/api.w.org\/{rel}","templated":true}]}}