{"id":32054,"date":"2026-08-30T23:35:55","date_gmt":"2026-08-31T02:35:55","guid":{"rendered":"https:\/\/acontecenafronteira.com.br\/?p=32054"},"modified":"2026-08-30T23:35:55","modified_gmt":"2026-08-31T02:35:55","slug":"lobista-amiga-de-lulinha-acumula-dividas-e-processos-na-justica","status":"publish","type":"post","link":"https:\/\/acontecenafronteira.com.br\/index.php\/2026\/08\/30\/lobista-amiga-de-lulinha-acumula-dividas-e-processos-na-justica\/","title":{"rendered":"Lobista amiga de Lulinha acumula d\u00edvidas e processos na Justi\u00e7a"},"content":{"rendered":"<p>A empres\u00e1ria e <strong>lobista Roberta Luchsinger<\/strong> enfrenta uma extensa lista de processos e d\u00edvidas por calotes na Justi\u00e7a brasileira. O caso veio a p\u00fablico ap\u00f3s investiga\u00e7\u00f5es apontarem seu envolvimento em um suposto esquema de <em>tr\u00e1fico de influ\u00eancia<\/em> em \u00f3rg\u00e3os p\u00fablicos ao lado de F\u00e1bio Lu\u00eds Lula da Silva, o Lulinha, filho do presidente Luiz In\u00e1cio Lula da Silva. Ambos negam veementemente qualquer irregularidade nas acusa\u00e7\u00f5es conduzidas pela Pol\u00edcia Federal (PF).<\/p>\n<p>Investiga\u00e7\u00e3o da Pol\u00edcia Federal De acordo com os investigadores, a dupla teria atuado em entendimentos de <strong>lobby<\/strong> para viabilizar contratos milion\u00e1rios, incluindo uma negocia\u00e7\u00e3o de R$ 626 milh\u00f5es com uma empresa ligada a Antonio Carlos Camilo Antunes, amplamente conhecido como Careca do INSS.<\/p>\n<p>Hist\u00f3rico pol\u00edtico e pol\u00eamicas familiares Luchsinger ganhou proje\u00e7\u00e3o nacional em 2017 ao declarar que criaria um fundo financeiro para apoiar o petista, que na \u00e9poca enfrentava bloqueio de bens determinado pelo ent\u00e3o juiz Sergio Moro durante a <strong>Opera\u00e7\u00e3o Lava-Jato<\/strong>. Naquela ocasi\u00e3o, ela chegou a anunciar uma transfer\u00eancia pessoal de R$ 500 mil. Posteriormente, em 2018, filiou-se ao PT para disputar uma vaga de deputada estadual em S\u00e3o Paulo, mas n\u00e3o obteve votos suficientes para se eleger.<\/p>\n<p>A suposta origem nobre e a realidade A investigada costumava se apresentar publicamente como descendente direta e herdeira de um dos fundadores do banco su\u00ed\u00e7o <strong>Credit Suisse<\/strong>. No entanto, registros civis oficiais desmentem a vers\u00e3o, revelando que seu av\u00f4, Pedro Paulo Arnaldo Luchsinger, nasceu no Rio de Janeiro em 1927 e atuava como dono de uma lavanderia. Questionada pela imprensa, a defesa da empres\u00e1ria n\u00e3o apresentou documentos capazes de comprovar a conex\u00e3o com a institui\u00e7\u00e3o financeira europeia.<\/p>\n<p>O calote milion\u00e1rio no projeto cinematogr\u00e1fico Entre os epis\u00f3dios financeiros mais graves revelados pelas investiga\u00e7\u00f5es est\u00e1 o financiamento frustrado de um document\u00e1rio sobre o designer automotivo Horacio Pagani, apresentado em 2016. O or\u00e7amento total da produ\u00e7\u00e3o alcan\u00e7ava a cifra de US$ 4 milh\u00f5es, quantia que seria injetada por um fundo internacional sediado no Bahrein.<\/p>\n<p>Como as grava\u00e7\u00f5es come\u00e7aram antes da libera\u00e7\u00e3o do dinheiro estrangeiro, a produ\u00e7\u00e3o precisou de um empr\u00e9stimo ponte no valor de US$ 300 mil. Para viabilizar a transa\u00e7\u00e3o, a <strong>lobista<\/strong> convenceu um investidor a atuar como avalista, oferecendo como garantia real uma fazenda de sua propriedade situada no estado de Minas Gerais.<\/p>\n<p>Perda de fazenda avaliada em milh\u00f5es Como o aporte internacional nunca foi depositado, as parcelas do empr\u00e9stimo banc\u00e1rio ficaram em aberto. O credor acionou a Justi\u00e7a e acabou obtendo a posse definitiva da propriedade rural oferecida como garantia, um patrim\u00f4nio estimado em R$ 8 milh\u00f5es. O investidor afetado relatou ter perdido tudo o que possu\u00eda devido \u00e0 quebra do acordo financeiro.<\/p>\n<p>Condena\u00e7\u00f5es por prestadores de servi\u00e7os e falsas obras de arte A rela\u00e7\u00e3o de d\u00e9bitos inclui ainda calotes contra trabalhadores aut\u00f4nomos. Em 2011, um tapeceiro foi contratado para realizar reformas residenciais no valor de R$ 61 mil, mas recebeu apenas uma fra\u00e7\u00e3o inicial. Ap\u00f3s vencer todas as inst\u00e2ncias judiciais, incluindo o <strong>Superior Tribunal de Justi\u00e7a (STJ)<\/strong>, o prestador de servi\u00e7os precisou vender o pr\u00f3prio carro para manter o neg\u00f3cio funcionando.<\/p>\n<p>Para tentar quitar a d\u00edvida trabalhista, a empres\u00e1ria tentou utilizar uma cole\u00e7\u00e3o com 14 gravuras que seriam de autoria de C\u00e2ndido Portinari, avaliadas por ela em R$ 70 mil. Contudo, entidades oficiais de autentica\u00e7\u00e3o comprovaram que o material consistia apenas em meras reprodu\u00e7\u00f5es gr\u00e1ficas sem valor comercial art\u00edstico.<\/p>\n<p>Outros processos e despejo por inadimpl\u00eancia O hist\u00f3rico de obriga\u00e7\u00f5es financeiras n\u00e3o cumpridas abrange mensalidades escolares atrasadas da filha, compras em lojas de vestu\u00e1rio, inadimpl\u00eancia com ag\u00eancia de publicidade e a\u00e7\u00f5es trabalhistas movidas por empregadas dom\u00e9sticas e bab\u00e1s.<\/p>\n<p>Em 2019, a investigada mudou-se para um apartamento de alto padr\u00e3o na capital paulista. Os donos do im\u00f3vel, um casal idoso que utilizava o aluguel como complemento de renda, ingressaram com uma a\u00e7\u00e3o de despejo em 2020. O propriet\u00e1rio faleceu durante o longo tr\u00e2mite judicial sem ver a cor do dinheiro. O d\u00e9bito acumulado, que alcan\u00e7ou a marca de meio milh\u00e3o de reais, s\u00f3 foi totalmente quitado em meados de 2024, resultando na desocupa\u00e7\u00e3o for\u00e7ada do local ap\u00f3s quatro anos de lit\u00edgio.<\/p>\n<p>Procurada para prestar esclarecimentos sobre as acusa\u00e7\u00f5es financeiras, a defesa optou por n\u00e3o conceder entrevistas, limitando-se a enviar uma rela\u00e7\u00e3o de processos arquivados pelo Poder Judici\u00e1rio e a alegar, sobre o caso da fazenda mineira, que o avalista conhecia os riscos inerentes \u00e0 opera\u00e7\u00e3o de cr\u00e9dito.<\/p>\n<p>Por Reda\u00e7\u00e3o Acontece<\/p>\n<p>Foto: Reprodu\u00e7\u00e3o \/ Redes Sociais<\/p>\n","protected":false},"excerpt":{"rendered":"<p>A empres\u00e1ria e lobista Roberta Luchsinger enfrenta uma extensa lista de processos e d\u00edvidas por calotes na Justi\u00e7a brasileira. O caso veio a p\u00fablico ap\u00f3s investiga\u00e7\u00f5es apontarem seu envolvimento em um suposto esquema de tr\u00e1fico de influ\u00eancia em \u00f3rg\u00e3os p\u00fablicos ao lado de F\u00e1bio Lu\u00eds Lula da Silva, o Lulinha, filho do presidente Luiz In\u00e1cio [&hellip;]<\/p>\n","protected":false},"author":0,"featured_media":32059,"comment_status":"open","ping_status":"open","sticky":false,"template":"","format":"standard","meta":{"footnotes":""},"categories":[28],"tags":[],"class_list":["post-32054","post","type-post","status-publish","format-standard","has-post-thumbnail","hentry","category-mundo"],"_links":{"self":[{"href":"https:\/\/acontecenafronteira.com.br\/index.php\/wp-json\/wp\/v2\/posts\/32054","targetHints":{"allow":["GET"]}}],"collection":[{"href":"https:\/\/acontecenafronteira.com.br\/index.php\/wp-json\/wp\/v2\/posts"}],"about":[{"href":"https:\/\/acontecenafronteira.com.br\/index.php\/wp-json\/wp\/v2\/types\/post"}],"replies":[{"embeddable":true,"href":"https:\/\/acontecenafronteira.com.br\/index.php\/wp-json\/wp\/v2\/comments?post=32054"}],"version-history":[{"count":1,"href":"https:\/\/acontecenafronteira.com.br\/index.php\/wp-json\/wp\/v2\/posts\/32054\/revisions"}],"predecessor-version":[{"id":32058,"href":"https:\/\/acontecenafronteira.com.br\/index.php\/wp-json\/wp\/v2\/posts\/32054\/revisions\/32058"}],"wp:featuredmedia":[{"embeddable":true,"href":"https:\/\/acontecenafronteira.com.br\/index.php\/wp-json\/wp\/v2\/media\/32059"}],"wp:attachment":[{"href":"https:\/\/acontecenafronteira.com.br\/index.php\/wp-json\/wp\/v2\/media?parent=32054"}],"wp:term":[{"taxonomy":"category","embeddable":true,"href":"https:\/\/acontecenafronteira.com.br\/index.php\/wp-json\/wp\/v2\/categories?post=32054"},{"taxonomy":"post_tag","embeddable":true,"href":"https:\/\/acontecenafronteira.com.br\/index.php\/wp-json\/wp\/v2\/tags?post=32054"}],"curies":[{"name":"wp","href":"https:\/\/api.w.org\/{rel}","templated":true}]}}