{"id":32045,"date":"2026-08-30T22:36:22","date_gmt":"2026-08-31T01:36:22","guid":{"rendered":"https:\/\/acontecenafronteira.com.br\/?p=32045"},"modified":"2026-08-30T22:36:22","modified_gmt":"2026-08-31T01:36:22","slug":"tse-suspende-propaganda-de-lula-contra-flavio-bolsonaro-2","status":"publish","type":"post","link":"https:\/\/acontecenafronteira.com.br\/index.php\/2026\/08\/30\/tse-suspende-propaganda-de-lula-contra-flavio-bolsonaro-2\/","title":{"rendered":"TSE suspende propaganda de Lula contra Fl\u00e1vio Bolsonaro"},"content":{"rendered":"<p>A justi\u00e7a eleitoral determinou a interrup\u00e7\u00e3o imediata de uma pe\u00e7a publicit\u00e1ria da campanha do presidente Luiz In\u00e1cio Lula da Silva que atacava o senador Fl\u00e1vio Bolsonaro por meio de um invent\u00e1rio de acusa\u00e7\u00f5es.<\/p>\n<h2>Decis\u00e3o liminar do TSE<\/h2>\n<p>A medida foi assinada pela ministra Estela Aranha neste domingo e atende a uma representa\u00e7\u00e3o formalizada pela defesa do parlamentar do PL. A magistrada entendeu que o material ultrapassou os limites tolerados no debate pol\u00edtico.<\/p>\n<p>O v\u00eddeo questionado havia sido veiculado no primeiro bloco do programa eleitoral gratuito na televis\u00e3o e tamb\u00e9m impulsionado nas plataformas digitais logo ap\u00f3s a participa\u00e7\u00e3o do senador em um telejornal de grande audi\u00eancia.<\/p>\n<h2>Conte\u00fado da pe\u00e7a publicit\u00e1ria<\/h2>\n<p>A grava\u00e7\u00e3o utilizava o formato de um curr\u00edculo fict\u00edcio para associar o congressista a investiga\u00e7\u00f5es passadas, citando termos como funcion\u00e1rio fantasma, lavagem de dinheiro, organiza\u00e7\u00e3o criminosa, al\u00e9m de men\u00e7\u00f5es a figuras controversas. A pe\u00e7a encerrava com cr\u00edticas severas \u00e0 trajet\u00f3ria do pol\u00edtico.<\/p>\n<p>No entendimento da relatora, a narrativa constru\u00edda no an\u00fancio carece de respaldo em dados concretos ou processos formais vigentes, configurando uma distor\u00e7\u00e3o grave da realidade com potencial para confundir o eleitorado.<\/p>\n<p>A ordem judicial pro\u00edbe a reitera\u00e7\u00e3o da conduta pela coliga\u00e7\u00e3o governista e estabelece a notifica\u00e7\u00e3o imediata das emissoras de r\u00e1dio e televis\u00e3o para o cumprimento da suspens\u00e3o.<\/p>\n<p>Por Reda\u00e7\u00e3o Acontece<\/p>\n<p>Imagem: Divulga\u00e7\u00e3o\/TSE<\/p>\n","protected":false},"excerpt":{"rendered":"<p>A justi\u00e7a eleitoral determinou a interrup\u00e7\u00e3o imediata de uma pe\u00e7a publicit\u00e1ria da campanha do presidente Luiz In\u00e1cio Lula da Silva que atacava o senador Fl\u00e1vio Bolsonaro por meio de um invent\u00e1rio de acusa\u00e7\u00f5es. Decis\u00e3o liminar do TSE A medida foi assinada pela ministra Estela Aranha neste domingo e atende a uma representa\u00e7\u00e3o formalizada pela defesa [&hellip;]<\/p>\n","protected":false},"author":0,"featured_media":32053,"comment_status":"open","ping_status":"open","sticky":false,"template":"","format":"standard","meta":{"footnotes":""},"categories":[6],"tags":[],"class_list":["post-32045","post","type-post","status-publish","format-standard","has-post-thumbnail","hentry","category-mercosul"],"_links":{"self":[{"href":"https:\/\/acontecenafronteira.com.br\/index.php\/wp-json\/wp\/v2\/posts\/32045","targetHints":{"allow":["GET"]}}],"collection":[{"href":"https:\/\/acontecenafronteira.com.br\/index.php\/wp-json\/wp\/v2\/posts"}],"about":[{"href":"https:\/\/acontecenafronteira.com.br\/index.php\/wp-json\/wp\/v2\/types\/post"}],"replies":[{"embeddable":true,"href":"https:\/\/acontecenafronteira.com.br\/index.php\/wp-json\/wp\/v2\/comments?post=32045"}],"version-history":[{"count":1,"href":"https:\/\/acontecenafronteira.com.br\/index.php\/wp-json\/wp\/v2\/posts\/32045\/revisions"}],"predecessor-version":[{"id":32052,"href":"https:\/\/acontecenafronteira.com.br\/index.php\/wp-json\/wp\/v2\/posts\/32045\/revisions\/32052"}],"wp:featuredmedia":[{"embeddable":true,"href":"https:\/\/acontecenafronteira.com.br\/index.php\/wp-json\/wp\/v2\/media\/32053"}],"wp:attachment":[{"href":"https:\/\/acontecenafronteira.com.br\/index.php\/wp-json\/wp\/v2\/media?parent=32045"}],"wp:term":[{"taxonomy":"category","embeddable":true,"href":"https:\/\/acontecenafronteira.com.br\/index.php\/wp-json\/wp\/v2\/categories?post=32045"},{"taxonomy":"post_tag","embeddable":true,"href":"https:\/\/acontecenafronteira.com.br\/index.php\/wp-json\/wp\/v2\/tags?post=32045"}],"curies":[{"name":"wp","href":"https:\/\/api.w.org\/{rel}","templated":true}]}}