{"id":32042,"date":"2026-08-30T22:36:11","date_gmt":"2026-08-31T01:36:11","guid":{"rendered":"https:\/\/acontecenafronteira.com.br\/?p=32042"},"modified":"2026-08-30T22:36:11","modified_gmt":"2026-08-31T01:36:11","slug":"lito-sousa-pode-ser-1o-a-testar-remedio-experimental","status":"publish","type":"post","link":"https:\/\/acontecenafronteira.com.br\/index.php\/2026\/08\/30\/lito-sousa-pode-ser-1o-a-testar-remedio-experimental\/","title":{"rendered":"Lito Sousa pode ser 1\u00ba a testar rem\u00e9dio experimental"},"content":{"rendered":"<p>O influenciador digital Lito Sousa, diagnosticado com uma condi\u00e7\u00e3o degenerativa rara, pode se tornar o primeiro ser humano a testar um medicamento experimental desenvolvido por uma empresa de biotecnologia.<\/p>\n<h2>Negocia\u00e7\u00e3o avan\u00e7ada para tratamento in\u00e9dito<\/h2>\n<p>A revela\u00e7\u00e3o foi feita por Mila Seidl, esposa do criador de conte\u00fado, durante entrevista recente \u00e0 televis\u00e3o. Segundo ela, as tratativas com a farmac\u00eautica est\u00e3o em andamento para viabilizar o uso da subst\u00e2ncia in\u00e9dita.<\/p>\n<p>A medica\u00e7\u00e3o em quest\u00e3o j\u00e1 passou por etapas iniciais de testagem em laborat\u00f3rio, al\u00e9m de an\u00e1lises em peixes e macacos. Diante da gravidade do quadro, a fam\u00edlia afirma estar disposta a assumir os riscos na busca por uma alternativa de tratamento.<\/p>\n<h2>Os primeiros sintomas e a descoberta da doen\u00e7a<\/h2>\n<p>O quadro de sa\u00fade do influenciador come\u00e7ou a chamar aten\u00e7\u00e3o em julho deste ano, per\u00edodo em que ele tamb\u00e9m lidava com o diagn\u00f3stico de um c\u00e2ncer de pr\u00f3stata. Os primeiros sinais f\u00edsicos se manifestaram de forma sutil, incluindo altera\u00e7\u00f5es motoras relatadas pelo pr\u00f3prio famoso em v\u00eddeos publicados para os seguidores.<\/p>\n<p>Durante uma viagem internacional aos Estados Unidos, os sintomas se tornaram mais evidentes. Um epis\u00f3dio em um restaurante marcou o agravamento dos sinais neurol\u00f3gicos, quando o bra\u00e7o do criador de conte\u00fado apresentou movimentos involunt\u00e1rios durante o jantar, algo que ele pr\u00f3prio n\u00e3o percebeu no momento.<\/p>\n<p>Atualmente, o caso segue mobilizando admiradores e familiares, que mant\u00eam as esperan\u00e7as em novas abordagens m\u00e9dicas enquanto aguardam o desfecho das negocia\u00e7\u00f5es para a terapia inovadora.<\/p>\n<p>Por Reda\u00e7\u00e3o Acontece<\/p>\n<p>Cr\u00e9ditos da imagem: Reprodu\u00e7\u00e3o \/ Redes Sociais<\/p>\n","protected":false},"excerpt":{"rendered":"<p>O influenciador digital Lito Sousa, diagnosticado com uma condi\u00e7\u00e3o degenerativa rara, pode se tornar o primeiro ser humano a testar um medicamento experimental desenvolvido por uma empresa de biotecnologia. Negocia\u00e7\u00e3o avan\u00e7ada para tratamento in\u00e9dito A revela\u00e7\u00e3o foi feita por Mila Seidl, esposa do criador de conte\u00fado, durante entrevista recente \u00e0 televis\u00e3o. Segundo ela, as tratativas [&hellip;]<\/p>\n","protected":false},"author":0,"featured_media":32047,"comment_status":"open","ping_status":"open","sticky":false,"template":"","format":"standard","meta":{"footnotes":""},"categories":[6],"tags":[],"class_list":["post-32042","post","type-post","status-publish","format-standard","has-post-thumbnail","hentry","category-mercosul"],"_links":{"self":[{"href":"https:\/\/acontecenafronteira.com.br\/index.php\/wp-json\/wp\/v2\/posts\/32042","targetHints":{"allow":["GET"]}}],"collection":[{"href":"https:\/\/acontecenafronteira.com.br\/index.php\/wp-json\/wp\/v2\/posts"}],"about":[{"href":"https:\/\/acontecenafronteira.com.br\/index.php\/wp-json\/wp\/v2\/types\/post"}],"replies":[{"embeddable":true,"href":"https:\/\/acontecenafronteira.com.br\/index.php\/wp-json\/wp\/v2\/comments?post=32042"}],"version-history":[{"count":1,"href":"https:\/\/acontecenafronteira.com.br\/index.php\/wp-json\/wp\/v2\/posts\/32042\/revisions"}],"predecessor-version":[{"id":32046,"href":"https:\/\/acontecenafronteira.com.br\/index.php\/wp-json\/wp\/v2\/posts\/32042\/revisions\/32046"}],"wp:featuredmedia":[{"embeddable":true,"href":"https:\/\/acontecenafronteira.com.br\/index.php\/wp-json\/wp\/v2\/media\/32047"}],"wp:attachment":[{"href":"https:\/\/acontecenafronteira.com.br\/index.php\/wp-json\/wp\/v2\/media?parent=32042"}],"wp:term":[{"taxonomy":"category","embeddable":true,"href":"https:\/\/acontecenafronteira.com.br\/index.php\/wp-json\/wp\/v2\/categories?post=32042"},{"taxonomy":"post_tag","embeddable":true,"href":"https:\/\/acontecenafronteira.com.br\/index.php\/wp-json\/wp\/v2\/tags?post=32042"}],"curies":[{"name":"wp","href":"https:\/\/api.w.org\/{rel}","templated":true}]}}