{"id":32033,"date":"2026-08-30T22:36:07","date_gmt":"2026-08-31T01:36:07","guid":{"rendered":"https:\/\/acontecenafronteira.com.br\/?p=32033"},"modified":"2026-08-30T22:36:07","modified_gmt":"2026-08-31T01:36:07","slug":"lucas-moraes-e-tetracampeao-do-rally-dos-sertoes-2026","status":"publish","type":"post","link":"https:\/\/acontecenafronteira.com.br\/index.php\/2026\/08\/30\/lucas-moraes-e-tetracampeao-do-rally-dos-sertoes-2026\/","title":{"rendered":"Lucas Moraes \u00e9 tetracampe\u00e3o do Rally dos Sert\u00f5es 2026"},"content":{"rendered":"<p>O piloto brasileiro <strong>Lucas Moraes<\/strong> garantiu, neste domingo, o t\u00edtulo da edi\u00e7\u00e3o de 2026 do <strong>Rally dos Sert\u00f5es<\/strong>. A aos 36 anos, o paulista atual campe\u00e3o mundial de Rally-Raid alcan\u00e7ou a marca de tetracampe\u00e3o da tradicional prova off-road ao lado do navegador <strong>Ka\u00edque Bentivoglio<\/strong>, competindo pela equipe MEM Motorsport.<\/p>\n<h2>Uma conquista hist\u00f3rica para a carreira<\/h2>\n<p>Ap\u00f3s garantir a ta\u00e7a, o piloto n\u00e3o escondeu a emo\u00e7\u00e3o com o resultado expressivo. <strong>&#8220;Esse t\u00edtulo foi, sem d\u00favida, um dos mais especiais da minha carreira. Disputar o Sert\u00f5es como campe\u00e3o mundial j\u00e1 foi uma honra e algo que eu sempre tive vontade de viver. A vit\u00f3ria coroou ainda mais esse momento&#8221;<\/strong>, celebrou.<\/p>\n<h2>Como foi a etapa final em Goi\u00e1s<\/h2>\n<p>A confirma\u00e7\u00e3o da vit\u00f3ria veio na oitava e \u00faltima etapa da competi\u00e7\u00e3o, realizada entre Goian\u00e9sia e o Aut\u00f3dromo Internacional de Goi\u00e2nia. Na ocasi\u00e3o, a dupla completou os 146 quil\u00f4metros cronometrados em segundo lugar, registrando a marca de 1h41min25s. Eles ficaram a apenas 52 segundos de Marcos Baumgart, que venceu o trecho final.<\/p>\n<p>Ao longo de todo o percurso, a superioridade da equipe foi evidente. A dupla encerrou o <strong>Rally dos Sert\u00f5es<\/strong> acumulando seis vit\u00f3rias em oito especiais, al\u00e9m de dois segundos lugares.<\/p>\n<h2>Dom\u00ednio absoluto nos 4.020 km de prova<\/h2>\n<p>Depois de percorrerem um total de 4.020 quil\u00f4metros, o tempo acumulado de 36h10min11s assegurou uma vantagem confort\u00e1vel, superior a 26 minutos sobre Marcelo Gastaldi, que terminou como o vice-campe\u00e3o na categoria carros.<\/p>\n<p>O trajeto deste ano teve largada e chegada em Goi\u00e2nia, passando por trechos em Goi\u00e1s, Tocantins e Bahia, al\u00e9m de incluir o cl\u00e1ssico e desafiador desafio pelas dunas do Jalap\u00e3o.<\/p>\n<p><strong>&#8220;\u00c9 uma prova que faz parte da minha hist\u00f3ria, que eu amo correr e que sempre me desafia muito. Este ano n\u00e3o foi diferente, pela variedade de terrenos e pelas diferentes condi\u00e7\u00f5es de pilotagem, o que valoriza ainda mais esse tetracampeonato&#8221;<\/strong>, concluiu o atleta.<\/p>\n<p>Por Reda\u00e7\u00e3o Acontece<\/p>\n<p>Foto: Divulga\u00e7\u00e3o\/MEM Motorsport<\/p>\n","protected":false},"excerpt":{"rendered":"<p>O piloto brasileiro Lucas Moraes garantiu, neste domingo, o t\u00edtulo da edi\u00e7\u00e3o de 2026 do Rally dos Sert\u00f5es. A aos 36 anos, o paulista atual campe\u00e3o mundial de Rally-Raid alcan\u00e7ou a marca de tetracampe\u00e3o da tradicional prova off-road ao lado do navegador Ka\u00edque Bentivoglio, competindo pela equipe MEM Motorsport. Uma conquista hist\u00f3rica para a carreira [&hellip;]<\/p>\n","protected":false},"author":0,"featured_media":32041,"comment_status":"open","ping_status":"open","sticky":false,"template":"","format":"standard","meta":{"footnotes":""},"categories":[28],"tags":[],"class_list":["post-32033","post","type-post","status-publish","format-standard","has-post-thumbnail","hentry","category-mundo"],"_links":{"self":[{"href":"https:\/\/acontecenafronteira.com.br\/index.php\/wp-json\/wp\/v2\/posts\/32033","targetHints":{"allow":["GET"]}}],"collection":[{"href":"https:\/\/acontecenafronteira.com.br\/index.php\/wp-json\/wp\/v2\/posts"}],"about":[{"href":"https:\/\/acontecenafronteira.com.br\/index.php\/wp-json\/wp\/v2\/types\/post"}],"replies":[{"embeddable":true,"href":"https:\/\/acontecenafronteira.com.br\/index.php\/wp-json\/wp\/v2\/comments?post=32033"}],"version-history":[{"count":1,"href":"https:\/\/acontecenafronteira.com.br\/index.php\/wp-json\/wp\/v2\/posts\/32033\/revisions"}],"predecessor-version":[{"id":32040,"href":"https:\/\/acontecenafronteira.com.br\/index.php\/wp-json\/wp\/v2\/posts\/32033\/revisions\/32040"}],"wp:featuredmedia":[{"embeddable":true,"href":"https:\/\/acontecenafronteira.com.br\/index.php\/wp-json\/wp\/v2\/media\/32041"}],"wp:attachment":[{"href":"https:\/\/acontecenafronteira.com.br\/index.php\/wp-json\/wp\/v2\/media?parent=32033"}],"wp:term":[{"taxonomy":"category","embeddable":true,"href":"https:\/\/acontecenafronteira.com.br\/index.php\/wp-json\/wp\/v2\/categories?post=32033"},{"taxonomy":"post_tag","embeddable":true,"href":"https:\/\/acontecenafronteira.com.br\/index.php\/wp-json\/wp\/v2\/tags?post=32033"}],"curies":[{"name":"wp","href":"https:\/\/api.w.org\/{rel}","templated":true}]}}