{"id":32032,"date":"2026-08-30T22:36:02","date_gmt":"2026-08-31T01:36:02","guid":{"rendered":"https:\/\/acontecenafronteira.com.br\/?p=32032"},"modified":"2026-08-30T22:36:02","modified_gmt":"2026-08-31T01:36:02","slug":"tse-suspende-propaganda-de-lula-sobre-flavio-bolsonaro","status":"publish","type":"post","link":"https:\/\/acontecenafronteira.com.br\/index.php\/2026\/08\/30\/tse-suspende-propaganda-de-lula-sobre-flavio-bolsonaro\/","title":{"rendered":"TSE suspende propaganda de Lula sobre Fl\u00e1vio Bolsonaro"},"content":{"rendered":"<p>O Tribunal Superior Eleitoral (TSE) ordenou, em decis\u00e3o liminar, que o Partido dos Trabalhadores interrompa imediatamente a veicula\u00e7\u00e3o de uma propaganda eleitoral da campanha de Luiz In\u00e1cio Lula da Silva. A pe\u00e7a publicit\u00e1ria em quest\u00e3o abordava o chamado &#8220;curr\u00edculo de Fl\u00e1vio Bolsonaro&#8221;, fazendo men\u00e7\u00e3o expl\u00edcita a termos como &#8220;Master&#8221; e investiga\u00e7\u00f5es de &#8220;rachadinha&#8221;.<\/p>\n<h2>Decis\u00e3o liminar do tribunal<\/h2>\n<p>A medida cautelar foi imposta pela Justi\u00e7a Eleitoral ap\u00f3s contesta\u00e7\u00f5es da defesa, exigindo que a coliga\u00e7\u00e3o retire do ar o conte\u00fado que associa o parlamentar a controv\u00e9rsias pol\u00edticas e judiciais do passado.<\/p>\n<h2>Impacto na campanha eleitoral<\/h2>\n<p>A propaganda tratava de forma cr\u00edtica a trajet\u00f3ria pol\u00edtica da fam\u00edlia Bolsonaro, focando em epis\u00f3dios espec\u00edficos da carreira do senador. Com a ordem judicial, os respons\u00e1veis pela estrat\u00e9gia de comunica\u00e7\u00e3o digital e televisiva devem cessar a divulga\u00e7\u00e3o do material sob pena de multa.<\/p>\n<p>O caso segue em an\u00e1lise nas inst\u00e2ncias superiores da Justi\u00e7a Eleitoral, onde o m\u00e9rito da representa\u00e7\u00e3o ainda ser\u00e1 julgado de forma definitiva pelos ministros do plen\u00e1rio.<\/p>\n<p>Por Reda\u00e7\u00e3o Acontece<\/p>\n<p>Cr\u00e9ditos da imagem: Divulga\u00e7\u00e3o \/ TSE<\/p>\n","protected":false},"excerpt":{"rendered":"<p>O Tribunal Superior Eleitoral (TSE) ordenou, em decis\u00e3o liminar, que o Partido dos Trabalhadores interrompa imediatamente a veicula\u00e7\u00e3o de uma propaganda eleitoral da campanha de Luiz In\u00e1cio Lula da Silva. A pe\u00e7a publicit\u00e1ria em quest\u00e3o abordava o chamado &#8220;curr\u00edculo de Fl\u00e1vio Bolsonaro&#8221;, fazendo men\u00e7\u00e3o expl\u00edcita a termos como &#8220;Master&#8221; e investiga\u00e7\u00f5es de &#8220;rachadinha&#8221;. Decis\u00e3o liminar [&hellip;]<\/p>\n","protected":false},"author":0,"featured_media":32039,"comment_status":"open","ping_status":"open","sticky":false,"template":"","format":"standard","meta":{"footnotes":""},"categories":[28],"tags":[],"class_list":["post-32032","post","type-post","status-publish","format-standard","has-post-thumbnail","hentry","category-mundo"],"_links":{"self":[{"href":"https:\/\/acontecenafronteira.com.br\/index.php\/wp-json\/wp\/v2\/posts\/32032","targetHints":{"allow":["GET"]}}],"collection":[{"href":"https:\/\/acontecenafronteira.com.br\/index.php\/wp-json\/wp\/v2\/posts"}],"about":[{"href":"https:\/\/acontecenafronteira.com.br\/index.php\/wp-json\/wp\/v2\/types\/post"}],"replies":[{"embeddable":true,"href":"https:\/\/acontecenafronteira.com.br\/index.php\/wp-json\/wp\/v2\/comments?post=32032"}],"version-history":[{"count":1,"href":"https:\/\/acontecenafronteira.com.br\/index.php\/wp-json\/wp\/v2\/posts\/32032\/revisions"}],"predecessor-version":[{"id":32038,"href":"https:\/\/acontecenafronteira.com.br\/index.php\/wp-json\/wp\/v2\/posts\/32032\/revisions\/32038"}],"wp:featuredmedia":[{"embeddable":true,"href":"https:\/\/acontecenafronteira.com.br\/index.php\/wp-json\/wp\/v2\/media\/32039"}],"wp:attachment":[{"href":"https:\/\/acontecenafronteira.com.br\/index.php\/wp-json\/wp\/v2\/media?parent=32032"}],"wp:term":[{"taxonomy":"category","embeddable":true,"href":"https:\/\/acontecenafronteira.com.br\/index.php\/wp-json\/wp\/v2\/categories?post=32032"},{"taxonomy":"post_tag","embeddable":true,"href":"https:\/\/acontecenafronteira.com.br\/index.php\/wp-json\/wp\/v2\/tags?post=32032"}],"curies":[{"name":"wp","href":"https:\/\/api.w.org\/{rel}","templated":true}]}}