{"id":32031,"date":"2026-08-30T22:35:57","date_gmt":"2026-08-31T01:35:57","guid":{"rendered":"https:\/\/acontecenafronteira.com.br\/?p=32031"},"modified":"2026-08-30T22:35:57","modified_gmt":"2026-08-31T01:35:57","slug":"rio-de-janeiro-entra-em-alerta-para-chuva-forte-e-ventos","status":"publish","type":"post","link":"https:\/\/acontecenafronteira.com.br\/index.php\/2026\/08\/30\/rio-de-janeiro-entra-em-alerta-para-chuva-forte-e-ventos\/","title":{"rendered":"Rio de Janeiro entra em alerta para chuva forte e ventos"},"content":{"rendered":"<p>A Defesa Civil Municipal acionou um alerta meteorol\u00f3gico para toda a capital fluminense na noite de domingo, ap\u00f3s a chegada de ventos fortes \u00e0 regi\u00e3o. O Centro de Opera\u00e7\u00f5es Rio informou que mensagens de texto via SMS e WhatsApp come\u00e7aram a ser enviadas aos celulares dos moradores por volta das 21h, avisando sobre a previs\u00e3o de temporais e rajadas de vento intenso para as horas seguintes.<\/p>\n<h2>Mudan\u00e7a r\u00e1pida no tempo<\/h2>\n<p>Antes mesmo do aviso oficial ser disparado, a for\u00e7a do vento j\u00e1 podia ser sentida em diversos bairros cariocas. No Graja\u00fa, na Zona Norte, moradores registraram rajadas intensas que duraram aproximadamente 40 minutos, evidenciando a altera\u00e7\u00e3o repentina nas condi\u00e7\u00f5es atmosf\u00e9ricas.<\/p>\n<h2>Orienta\u00e7\u00f5es de seguran\u00e7a da Defesa Civil<\/h2>\n<p>Diante do cen\u00e1rio de instabilidade, as autoridades recomendam que a popula\u00e7\u00e3o evite sair de casa sem necessidade e busque abrigos seguros. \u00c9 fundamental ficar longe de \u00e1reas alagadas, c\u00f3rregos e encostas, al\u00e9m de nunca tentar atravessar ruas com acumula\u00e7\u00e3o de \u00e1gua para evitar o risco de correntezas e bueiros abertos.<\/p>\n<h2>Cuidados redobrados no tr\u00e2nsito carioca<\/h2>\n<p>Os motoristas que precisarem trafegar durante o temporal devem redobrar a aten\u00e7\u00e3o devido \u00e0 baixa visibilidade e \u00e0s pistas escorregadias. A recomenda\u00e7\u00e3o \u00e9 reduzir a velocidade, acender os far\u00f3is dos ve\u00edculos, manter uma dist\u00e2ncia segura do autom\u00f3vel que segue \u00e0 frente e evitar o manuseio do celular.<\/p>\n<h2>Como se cadastrar nos avisos oficiais<\/h2>\n<p>Os cidad\u00e3os podem receber os boletins meteorol\u00f3gicos de forma gratuita no celular. Para o servi\u00e7o de mensagens curtas, basta enviar o n\u00famero do CEP para 40199. J\u00e1 pelo aplicativo de mensagens, \u00e9 necess\u00e1rio mandar uma sauda\u00e7\u00e3o para o contato (61) 2034-4611. Em caso de qualquer emerg\u00eancia, os telefones de contato s\u00e3o 199 para a Defesa Civil e 193 para o Corpo de Bombeiros.<\/p>\n<p>Por Reda\u00e7\u00e3o Acontece<\/p>\n<p>Cr\u00e9ditos da imagem: Divulga\u00e7\u00e3o \/ Prefeitura do Rio<\/p>\n","protected":false},"excerpt":{"rendered":"<p>A Defesa Civil Municipal acionou um alerta meteorol\u00f3gico para toda a capital fluminense na noite de domingo, ap\u00f3s a chegada de ventos fortes \u00e0 regi\u00e3o. O Centro de Opera\u00e7\u00f5es Rio informou que mensagens de texto via SMS e WhatsApp come\u00e7aram a ser enviadas aos celulares dos moradores por volta das 21h, avisando sobre a previs\u00e3o [&hellip;]<\/p>\n","protected":false},"author":0,"featured_media":32037,"comment_status":"open","ping_status":"open","sticky":false,"template":"","format":"standard","meta":{"footnotes":""},"categories":[28],"tags":[],"class_list":["post-32031","post","type-post","status-publish","format-standard","has-post-thumbnail","hentry","category-mundo"],"_links":{"self":[{"href":"https:\/\/acontecenafronteira.com.br\/index.php\/wp-json\/wp\/v2\/posts\/32031","targetHints":{"allow":["GET"]}}],"collection":[{"href":"https:\/\/acontecenafronteira.com.br\/index.php\/wp-json\/wp\/v2\/posts"}],"about":[{"href":"https:\/\/acontecenafronteira.com.br\/index.php\/wp-json\/wp\/v2\/types\/post"}],"replies":[{"embeddable":true,"href":"https:\/\/acontecenafronteira.com.br\/index.php\/wp-json\/wp\/v2\/comments?post=32031"}],"version-history":[{"count":1,"href":"https:\/\/acontecenafronteira.com.br\/index.php\/wp-json\/wp\/v2\/posts\/32031\/revisions"}],"predecessor-version":[{"id":32036,"href":"https:\/\/acontecenafronteira.com.br\/index.php\/wp-json\/wp\/v2\/posts\/32031\/revisions\/32036"}],"wp:featuredmedia":[{"embeddable":true,"href":"https:\/\/acontecenafronteira.com.br\/index.php\/wp-json\/wp\/v2\/media\/32037"}],"wp:attachment":[{"href":"https:\/\/acontecenafronteira.com.br\/index.php\/wp-json\/wp\/v2\/media?parent=32031"}],"wp:term":[{"taxonomy":"category","embeddable":true,"href":"https:\/\/acontecenafronteira.com.br\/index.php\/wp-json\/wp\/v2\/categories?post=32031"},{"taxonomy":"post_tag","embeddable":true,"href":"https:\/\/acontecenafronteira.com.br\/index.php\/wp-json\/wp\/v2\/tags?post=32031"}],"curies":[{"name":"wp","href":"https:\/\/api.w.org\/{rel}","templated":true}]}}