{"id":32030,"date":"2026-08-30T22:35:52","date_gmt":"2026-08-31T01:35:52","guid":{"rendered":"https:\/\/acontecenafronteira.com.br\/?p=32030"},"modified":"2026-08-30T22:35:52","modified_gmt":"2026-08-31T01:35:52","slug":"tse-suspende-propaganda-de-lula-contra-flavio-bolsonaro","status":"publish","type":"post","link":"https:\/\/acontecenafronteira.com.br\/index.php\/2026\/08\/30\/tse-suspende-propaganda-de-lula-contra-flavio-bolsonaro\/","title":{"rendered":"TSE suspende propaganda de Lula contra Fl\u00e1vio Bolsonaro"},"content":{"rendered":"<p>A ministra Estela Aranha, integrante do Tribunal Superior Eleitoral (TSE), determinou neste domingo a paralisa\u00e7\u00e3o imediata de uma inser\u00e7\u00e3o publicit\u00e1ria da campanha do presidente Luiz In\u00e1cio Lula da Silva. A pe\u00e7a em quest\u00e3o exibia um suposto &#8220;curr\u00edculo&#8221; do senador Fl\u00e1vio Bolsonaro, alvo de contesta\u00e7\u00e3o jur\u00eddica por parte do Partido Liberal (PL).<\/p>\n<h2>Entenda a den\u00fancia do PL<\/h2>\n<p>A defesa do parlamentar argumentou junto \u00e0 Justi\u00e7a Eleitoral que o material continha dados comprovadamente falsos e severamente fora de contexto. Intitulado &#8220;Conhe\u00e7a o curr\u00edculo de Fl\u00e1vio Bolsonaro&#8221;, o v\u00eddeo listava acusa\u00e7\u00f5es graves contra o pol\u00edtico sob a roupagem de uma trajet\u00f3ria profissional.<\/p>\n<p>Entre as imputa\u00e7\u00f5es, o an\u00fancio mencionava que o senador teria atuado como funcion\u00e1rio fantasma, enfrentado acusa\u00e7\u00f5es de lavagem de dinheiro e organiza\u00e7\u00e3o criminosa no epis\u00f3dio conhecido como rachadinha, al\u00e9m de ter prestado homenagens a l\u00edderes de mil\u00edcias no Rio de Janeiro e sido citado em investiga\u00e7\u00f5es da Pol\u00edcia Federal envolvendo o Banco Master.<\/p>\n<h2>An\u00e1lise jur\u00eddica da magistrada<\/h2>\n<p>Em sua fundamenta\u00e7\u00e3o, a relatora destacou que o teor da pe\u00e7a publicit\u00e1ria ultrapassa os limites aceit\u00e1veis para o enfrentamento pol\u00edtico. Ela apontou que as mensagens n\u00e3o configuram mero debate ideol\u00f3gico, mas criam uma narrativa que associa o candidato a esquemas criminosos por meio de insinua\u00e7\u00f5es indiretas, carecendo de provas materiais ou investiga\u00e7\u00f5es formais.<\/p>\n<p>A magistrada tamb\u00e9m ressaltou que a jurisprud\u00eancia da corte \u00e9 rigorosa ao estipular que a liberdade de express\u00e3o em per\u00edodos eleitorais n\u00e3o chancela a propaga\u00e7\u00e3o de acusa\u00e7\u00f5es severas que n\u00e3o possuam um embasamento f\u00e1tico m\u00ednimo.<\/p>\n<h2>Pr\u00f3ximos passos do processo<\/h2>\n<p>Al\u00e9m de barrar a veicula\u00e7\u00e3o do conte\u00fado em quest\u00e3o sob pena de novas exibi\u00e7\u00f5es pela coliga\u00e7\u00e3o petista, a decis\u00e3o abriu espa\u00e7o para desdobramentos sobre o pedido de direito de resposta formulado pelo PL.<\/p>\n<p>A campanha do partido autor da a\u00e7\u00e3o dever\u00e1 apresentar a minuta do texto de resposta no prazo de 24 horas. Em seguida, a defesa do atual presidente ser\u00e1 ouvida, culminando na emiss\u00e3o de parecer pela Procuradoria-Geral Eleitoral antes de uma nova delibera\u00e7\u00e3o da magistrada. O caso ainda passar\u00e1 por an\u00e1lise definitiva do plen\u00e1rio do tribunal.<\/p>\n<p>Por Reda\u00e7\u00e3o Acontece<\/p>\n<p>Imagem: Divulga\u00e7\u00e3o\/TSE<\/p>\n","protected":false},"excerpt":{"rendered":"<p>A ministra Estela Aranha, integrante do Tribunal Superior Eleitoral (TSE), determinou neste domingo a paralisa\u00e7\u00e3o imediata de uma inser\u00e7\u00e3o publicit\u00e1ria da campanha do presidente Luiz In\u00e1cio Lula da Silva. A pe\u00e7a em quest\u00e3o exibia um suposto &#8220;curr\u00edculo&#8221; do senador Fl\u00e1vio Bolsonaro, alvo de contesta\u00e7\u00e3o jur\u00eddica por parte do Partido Liberal (PL). Entenda a den\u00fancia do [&hellip;]<\/p>\n","protected":false},"author":0,"featured_media":32035,"comment_status":"open","ping_status":"open","sticky":false,"template":"","format":"standard","meta":{"footnotes":""},"categories":[28],"tags":[],"class_list":["post-32030","post","type-post","status-publish","format-standard","has-post-thumbnail","hentry","category-mundo"],"_links":{"self":[{"href":"https:\/\/acontecenafronteira.com.br\/index.php\/wp-json\/wp\/v2\/posts\/32030","targetHints":{"allow":["GET"]}}],"collection":[{"href":"https:\/\/acontecenafronteira.com.br\/index.php\/wp-json\/wp\/v2\/posts"}],"about":[{"href":"https:\/\/acontecenafronteira.com.br\/index.php\/wp-json\/wp\/v2\/types\/post"}],"replies":[{"embeddable":true,"href":"https:\/\/acontecenafronteira.com.br\/index.php\/wp-json\/wp\/v2\/comments?post=32030"}],"version-history":[{"count":1,"href":"https:\/\/acontecenafronteira.com.br\/index.php\/wp-json\/wp\/v2\/posts\/32030\/revisions"}],"predecessor-version":[{"id":32034,"href":"https:\/\/acontecenafronteira.com.br\/index.php\/wp-json\/wp\/v2\/posts\/32030\/revisions\/32034"}],"wp:featuredmedia":[{"embeddable":true,"href":"https:\/\/acontecenafronteira.com.br\/index.php\/wp-json\/wp\/v2\/media\/32035"}],"wp:attachment":[{"href":"https:\/\/acontecenafronteira.com.br\/index.php\/wp-json\/wp\/v2\/media?parent=32030"}],"wp:term":[{"taxonomy":"category","embeddable":true,"href":"https:\/\/acontecenafronteira.com.br\/index.php\/wp-json\/wp\/v2\/categories?post=32030"},{"taxonomy":"post_tag","embeddable":true,"href":"https:\/\/acontecenafronteira.com.br\/index.php\/wp-json\/wp\/v2\/tags?post=32030"}],"curies":[{"name":"wp","href":"https:\/\/api.w.org\/{rel}","templated":true}]}}