{"id":32020,"date":"2026-08-30T21:37:47","date_gmt":"2026-08-31T00:37:47","guid":{"rendered":"https:\/\/acontecenafronteira.com.br\/?p=32020"},"modified":"2026-08-30T21:37:47","modified_gmt":"2026-08-31T00:37:47","slug":"inmet-emite-alerta-maximo-de-tempestades-para-sc-e-rs","status":"publish","type":"post","link":"https:\/\/acontecenafronteira.com.br\/index.php\/2026\/08\/30\/inmet-emite-alerta-maximo-de-tempestades-para-sc-e-rs\/","title":{"rendered":"Inmet emite alerta m\u00e1ximo de tempestades para SC e RS"},"content":{"rendered":"<p>O Instituto Nacional de Meteorologia (Inmet) colocou em vigor nesta segunda-feira (30\/8) o seu aviso meteorol\u00f3gico mais severo para temporal, atingindo diretamente \u00e1reas estrat\u00e9gicas dos estados de Santa Catarina e do Rio Grande do Sul.<\/p>\n<h2>Riscos e impactos previstos<\/h2>\n<p>O aviso oficial aponta a probabilidade de precipita\u00e7\u00f5es volumosas ultrapassando 60 mm por hora ou acumulados di\u00e1rios acima de 100 mm, acompanhadas por rajadas de vento superiores a 100 km\/h e eventual precipita\u00e7\u00e3o de granizo. Entre os perigos mapeados est\u00e3o blecautes, danos estruturais em constru\u00e7\u00f5es, tombamento de \u00e1rvores, preju\u00edzos nas lavouras, enchentes e s\u00e9rios problemas na malha vi\u00e1ria.<\/p>\n<h2>Regi\u00f5es afetadas pelo perigo vermelho<\/h2>\n<p>Os munic\u00edpios sob maior vulnerabilidade est\u00e3o distribu\u00eddos pelas zonas Serrana, Oeste Catarinense, Vale do Itaja\u00ed, Noroeste Rio-grandense, Grande Florian\u00f3polis, Sul Catarinense, Nordeste Rio-grandense e Norte Catarinense.<\/p>\n<h2>Avan\u00e7o de frente fria e ciclone<\/h2>\n<p>Essa instabilidade severa decorre da propaga\u00e7\u00e3o de uma frente fria que j\u00e1 vinha provocando chuvas fortes, vendavais e granizo em territ\u00f3rio sulista, abrangendo tamb\u00e9m o Paran\u00e1. A proje\u00e7\u00e3o meteorol\u00f3gica aponta que esse sistema frontal migrar\u00e1 em dire\u00e7\u00e3o ao Sudeste no in\u00edcio da semana. Em conjunto com uma baixa press\u00e3o atmosf\u00e9rica, h\u00e1 potencial para a consolida\u00e7\u00e3o de um ciclone extratropical no per\u00edodo entre segunda-feira e o dia 1\u00ba de setembro.<\/p>\n<p>A materializa\u00e7\u00e3o desse sistema cicl\u00f4nico, contudo, permanece condicionada ao comportamento da atmosfera ao longo dos pr\u00f3ximos dias. Caso a baixa press\u00e3o ganhe for\u00e7a e configure uma circula\u00e7\u00e3o fechada, o fen\u00f4meno clim\u00e1tico poder\u00e1 atuar diretamente sobre as \u00e1guas do Atl\u00e2ntico Sul.<\/p>\n<p>O prov\u00e1vel ciclone deve impulsionar o ingresso de uma massa polar, gerando acentuada queda t\u00e9rmica nos territ\u00f3rios sulistas e sudestinos, al\u00e9m de manter o tempo adverso com chuva volumosa e ventania nas zonas afetadas.<\/p>\n<p>Por Reda\u00e7\u00e3o Acontece<\/p>\n<p>Foto: Divulga\u00e7\u00e3o\/Inmet<\/p>\n","protected":false},"excerpt":{"rendered":"<p>O Instituto Nacional de Meteorologia (Inmet) colocou em vigor nesta segunda-feira (30\/8) o seu aviso meteorol\u00f3gico mais severo para temporal, atingindo diretamente \u00e1reas estrat\u00e9gicas dos estados de Santa Catarina e do Rio Grande do Sul. Riscos e impactos previstos O aviso oficial aponta a probabilidade de precipita\u00e7\u00f5es volumosas ultrapassando 60 mm por hora ou acumulados [&hellip;]<\/p>\n","protected":false},"author":0,"featured_media":32027,"comment_status":"open","ping_status":"open","sticky":false,"template":"","format":"standard","meta":{"footnotes":""},"categories":[6],"tags":[],"class_list":["post-32020","post","type-post","status-publish","format-standard","has-post-thumbnail","hentry","category-mercosul"],"_links":{"self":[{"href":"https:\/\/acontecenafronteira.com.br\/index.php\/wp-json\/wp\/v2\/posts\/32020","targetHints":{"allow":["GET"]}}],"collection":[{"href":"https:\/\/acontecenafronteira.com.br\/index.php\/wp-json\/wp\/v2\/posts"}],"about":[{"href":"https:\/\/acontecenafronteira.com.br\/index.php\/wp-json\/wp\/v2\/types\/post"}],"replies":[{"embeddable":true,"href":"https:\/\/acontecenafronteira.com.br\/index.php\/wp-json\/wp\/v2\/comments?post=32020"}],"version-history":[{"count":1,"href":"https:\/\/acontecenafronteira.com.br\/index.php\/wp-json\/wp\/v2\/posts\/32020\/revisions"}],"predecessor-version":[{"id":32026,"href":"https:\/\/acontecenafronteira.com.br\/index.php\/wp-json\/wp\/v2\/posts\/32020\/revisions\/32026"}],"wp:featuredmedia":[{"embeddable":true,"href":"https:\/\/acontecenafronteira.com.br\/index.php\/wp-json\/wp\/v2\/media\/32027"}],"wp:attachment":[{"href":"https:\/\/acontecenafronteira.com.br\/index.php\/wp-json\/wp\/v2\/media?parent=32020"}],"wp:term":[{"taxonomy":"category","embeddable":true,"href":"https:\/\/acontecenafronteira.com.br\/index.php\/wp-json\/wp\/v2\/categories?post=32020"},{"taxonomy":"post_tag","embeddable":true,"href":"https:\/\/acontecenafronteira.com.br\/index.php\/wp-json\/wp\/v2\/tags?post=32020"}],"curies":[{"name":"wp","href":"https:\/\/api.w.org\/{rel}","templated":true}]}}