{"id":32019,"date":"2026-08-30T21:37:43","date_gmt":"2026-08-31T00:37:43","guid":{"rendered":"https:\/\/acontecenafronteira.com.br\/?p=32019"},"modified":"2026-08-30T21:37:43","modified_gmt":"2026-08-31T00:37:43","slug":"mirassol-e-palmeiras-empatam-pelo-brasileirao-2025","status":"publish","type":"post","link":"https:\/\/acontecenafronteira.com.br\/index.php\/2026\/08\/30\/mirassol-e-palmeiras-empatam-pelo-brasileirao-2025\/","title":{"rendered":"Mirassol e Palmeiras empatam pelo Brasileir\u00e3o 2025"},"content":{"rendered":"<p>O Palmeiras visitou o Mirassol neste domingo (30\/8) e ficou no empate por 1 a 1, em partida v\u00e1lida pela 25\u00aa rodada do Campeonato Brasileiro, disputada no est\u00e1dio Mai\u00e3o.<\/p>\n<h2>Como ficou a tabela de classifica\u00e7\u00e3o<\/h2>\n<p>Apesar da igualdade fora de casa, o <strong>Palmeiras<\/strong> se manteve na lideran\u00e7a isolada do torneio nacional, somando agora 52 pontos conquistados. A vantagem para o segundo colocado, o Flamengo, \u00e9 de quatro pontos, lembrando que o rival carioca tem um compromisso a menos na competi\u00e7\u00e3o. Por outro lado, o <strong>Mirassol<\/strong> somou um ponto importante que o levou \u00e0 16\u00aa posi\u00e7\u00e3o na tabela, alcan\u00e7ando a marca de 25 pontos.<\/p>\n<h2>Os gols da partida no Mai\u00e3o<\/h2>\n<p>O marcador foi inaugurado logo no come\u00e7o da etapa complementar. Aos 4 minutos do segundo tempo, o artilheiro Eduardo apareceu bem entre os defensores advers\u00e1rios e testou firme de cabe\u00e7a, sem qualquer chance de defesa para o goleiro Carlos Miguel. Este foi o s\u00e9timo tento anotado pelo atacante vestindo a camisa da equipe do interior paulista na temporada atual.<\/p>\n<p>A rea\u00e7\u00e3o alviverde n\u00e3o demorou a se concretizar. Aos 29 minutos, a jogada come\u00e7ou com um cruzamento preciso de Giay. O zagueiro Gustavo G\u00f3mez cabeceou a bola para o meio da \u00e1rea, onde Maur\u00edcio dominou com categoria e finalizou bonito para deixar tudo igual no placar.<\/p>\n<h2>Pr\u00f3ximos compromissos das equipes<\/h2>\n<p>Com o calend\u00e1rio apertado, o time comandado pela comiss\u00e3o t\u00e9cnica palmeirense j\u00e1 foca nos seus pr\u00f3ximos desafios. A equipe duela contra o Santos no dia 2 de setembro, em confronto v\u00e1lido pela Copa do Brasil, e depois viaja para enfrentar o Botafogo no dia 6 de setembro, novamente pelo campeonato nacional.<\/p>\n<p>Enquanto isso, o clube do interior se prepara para um duelo de grande exig\u00eancia pela frente. O Mirassol ter\u00e1 pela frente o Flamengo no dia 6 de setembro, em partida que foi adiada e pertencia \u00e0 4\u00aa rodada do torneio de pontos corridos.<\/p>\n<p>Por Reda\u00e7\u00e3o Acontece<\/p>\n<p>Foto: Divulga\u00e7\u00e3o\/Esporte<\/p>\n","protected":false},"excerpt":{"rendered":"<p>O Palmeiras visitou o Mirassol neste domingo (30\/8) e ficou no empate por 1 a 1, em partida v\u00e1lida pela 25\u00aa rodada do Campeonato Brasileiro, disputada no est\u00e1dio Mai\u00e3o. Como ficou a tabela de classifica\u00e7\u00e3o Apesar da igualdade fora de casa, o Palmeiras se manteve na lideran\u00e7a isolada do torneio nacional, somando agora 52 pontos [&hellip;]<\/p>\n","protected":false},"author":0,"featured_media":32025,"comment_status":"open","ping_status":"open","sticky":false,"template":"","format":"standard","meta":{"footnotes":""},"categories":[6],"tags":[],"class_list":["post-32019","post","type-post","status-publish","format-standard","has-post-thumbnail","hentry","category-mercosul"],"_links":{"self":[{"href":"https:\/\/acontecenafronteira.com.br\/index.php\/wp-json\/wp\/v2\/posts\/32019","targetHints":{"allow":["GET"]}}],"collection":[{"href":"https:\/\/acontecenafronteira.com.br\/index.php\/wp-json\/wp\/v2\/posts"}],"about":[{"href":"https:\/\/acontecenafronteira.com.br\/index.php\/wp-json\/wp\/v2\/types\/post"}],"replies":[{"embeddable":true,"href":"https:\/\/acontecenafronteira.com.br\/index.php\/wp-json\/wp\/v2\/comments?post=32019"}],"version-history":[{"count":1,"href":"https:\/\/acontecenafronteira.com.br\/index.php\/wp-json\/wp\/v2\/posts\/32019\/revisions"}],"predecessor-version":[{"id":32024,"href":"https:\/\/acontecenafronteira.com.br\/index.php\/wp-json\/wp\/v2\/posts\/32019\/revisions\/32024"}],"wp:featuredmedia":[{"embeddable":true,"href":"https:\/\/acontecenafronteira.com.br\/index.php\/wp-json\/wp\/v2\/media\/32025"}],"wp:attachment":[{"href":"https:\/\/acontecenafronteira.com.br\/index.php\/wp-json\/wp\/v2\/media?parent=32019"}],"wp:term":[{"taxonomy":"category","embeddable":true,"href":"https:\/\/acontecenafronteira.com.br\/index.php\/wp-json\/wp\/v2\/categories?post=32019"},{"taxonomy":"post_tag","embeddable":true,"href":"https:\/\/acontecenafronteira.com.br\/index.php\/wp-json\/wp\/v2\/tags?post=32019"}],"curies":[{"name":"wp","href":"https:\/\/api.w.org\/{rel}","templated":true}]}}