{"id":32018,"date":"2026-08-30T21:37:04","date_gmt":"2026-08-31T00:37:04","guid":{"rendered":"https:\/\/acontecenafronteira.com.br\/?p=32018"},"modified":"2026-08-30T21:37:04","modified_gmt":"2026-08-31T00:37:04","slug":"confusao-na-paulista-homem-aranha-fura-pixuleco-e-gera-briga","status":"publish","type":"post","link":"https:\/\/acontecenafronteira.com.br\/index.php\/2026\/08\/30\/confusao-na-paulista-homem-aranha-fura-pixuleco-e-gera-briga\/","title":{"rendered":"Confus\u00e3o na Paulista: Homem-Aranha fura Pixuleco e gera briga"},"content":{"rendered":"<p>Uma manifesta\u00e7\u00e3o pol\u00edtica na Avenida Paulista, em S\u00e3o Paulo, terminou em conflito generalizado neste domingo (30\/8) ap\u00f3s um manifestante fantasiado de <strong>Homem-Aranha<\/strong> furar o tradicional boneco infl\u00e1vel conhecido como Pixuleco, que retratava o presidente Luiz In\u00e1cio Lula da Silva com vestes de presidi\u00e1rio. A Pol\u00edcia Militar precisou intervir para controlar os \u00e2nimos dos envolvidos.<\/p>\n<h2>O in\u00edcio do conflito pol\u00edtico<\/h2>\n<p>O ato que atraiu os grupos rivais pedia o fim da escala de trabalho 6&#215;1. O boneco gigante havia sido inflado por Carlo Cauti, candidato a deputado estadual pelo partido Novo, que faz campanha sob a alcunha de 007 devido ao n\u00famero de urna.<\/p>\n<p>Por outro lado, o int\u00e9rprete do her\u00f3i da Marvel integrava o grupo pol\u00edtico de Junior Freitas, lideran\u00e7a dos entregadores e tamb\u00e9m candidato \u00e0 Assembleia Legislativa de S\u00e3o Paulo (Alesp) pelo PSol. Freitas justificou a a\u00e7\u00e3o afirmando que o infl\u00e1vel configurava propaganda irregular do tipo outdoor e que o grupo tentou derrub\u00e1-lo ap\u00f3s recusa dos advers\u00e1rios em retir\u00e1-lo.<\/p>\n<h2>Vers\u00f5es opostas sobre a viol\u00eancia<\/h2>\n<p>As duas fac\u00e7\u00f5es pol\u00edticas relatam hist\u00f3rias divergentes sobre quem iniciou as agress\u00f5es f\u00edsicas ap\u00f3s a destrui\u00e7\u00e3o do material de campanha.<\/p>\n<p>Enquanto o candidato do Novo alega que sua equipe foi acuada e violentada de surpresa por motoboys durante a panfletagem \u2014 resultando em les\u00f5es no coordenador de campanha Erich Siqueira, que precisou de atendimento m\u00e9dico \u2014, o lado do PSol rebate as acusa\u00e7\u00f5es. Junior Freitas afirma que o grupo rival \u00e9 quem teria partido para a viol\u00eancia e garantiu possuir registros em v\u00eddeo para comprovar sua defesa na Justi\u00e7a.<\/p>\n<p>O epis\u00f3dio evidencia o clima de tens\u00e3o nas ruas da capital paulista durante o per\u00edodo de campanha eleitoral, exigindo constante monitoramento das for\u00e7as de seguran\u00e7a em atos p\u00fablicos.<\/p>\n<p>Por Reda\u00e7\u00e3o Acontece<\/p>\n<p>Foto: Reprodu\u00e7\u00e3o \/ Redes Sociais<\/p>\n","protected":false},"excerpt":{"rendered":"<p>Uma manifesta\u00e7\u00e3o pol\u00edtica na Avenida Paulista, em S\u00e3o Paulo, terminou em conflito generalizado neste domingo (30\/8) ap\u00f3s um manifestante fantasiado de Homem-Aranha furar o tradicional boneco infl\u00e1vel conhecido como Pixuleco, que retratava o presidente Luiz In\u00e1cio Lula da Silva com vestes de presidi\u00e1rio. A Pol\u00edcia Militar precisou intervir para controlar os \u00e2nimos dos envolvidos. O [&hellip;]<\/p>\n","protected":false},"author":0,"featured_media":32023,"comment_status":"open","ping_status":"open","sticky":false,"template":"","format":"standard","meta":{"footnotes":""},"categories":[6],"tags":[],"class_list":["post-32018","post","type-post","status-publish","format-standard","has-post-thumbnail","hentry","category-mercosul"],"_links":{"self":[{"href":"https:\/\/acontecenafronteira.com.br\/index.php\/wp-json\/wp\/v2\/posts\/32018","targetHints":{"allow":["GET"]}}],"collection":[{"href":"https:\/\/acontecenafronteira.com.br\/index.php\/wp-json\/wp\/v2\/posts"}],"about":[{"href":"https:\/\/acontecenafronteira.com.br\/index.php\/wp-json\/wp\/v2\/types\/post"}],"replies":[{"embeddable":true,"href":"https:\/\/acontecenafronteira.com.br\/index.php\/wp-json\/wp\/v2\/comments?post=32018"}],"version-history":[{"count":1,"href":"https:\/\/acontecenafronteira.com.br\/index.php\/wp-json\/wp\/v2\/posts\/32018\/revisions"}],"predecessor-version":[{"id":32022,"href":"https:\/\/acontecenafronteira.com.br\/index.php\/wp-json\/wp\/v2\/posts\/32018\/revisions\/32022"}],"wp:featuredmedia":[{"embeddable":true,"href":"https:\/\/acontecenafronteira.com.br\/index.php\/wp-json\/wp\/v2\/media\/32023"}],"wp:attachment":[{"href":"https:\/\/acontecenafronteira.com.br\/index.php\/wp-json\/wp\/v2\/media?parent=32018"}],"wp:term":[{"taxonomy":"category","embeddable":true,"href":"https:\/\/acontecenafronteira.com.br\/index.php\/wp-json\/wp\/v2\/categories?post=32018"},{"taxonomy":"post_tag","embeddable":true,"href":"https:\/\/acontecenafronteira.com.br\/index.php\/wp-json\/wp\/v2\/tags?post=32018"}],"curies":[{"name":"wp","href":"https:\/\/api.w.org\/{rel}","templated":true}]}}