{"id":32009,"date":"2026-08-30T21:36:54","date_gmt":"2026-08-31T00:36:54","guid":{"rendered":"https:\/\/acontecenafronteira.com.br\/?p=32009"},"modified":"2026-08-30T21:36:54","modified_gmt":"2026-08-31T00:36:54","slug":"leonardo-jardim-cobra-eficiencia-ofensiva-do-flamengo","status":"publish","type":"post","link":"https:\/\/acontecenafronteira.com.br\/index.php\/2026\/08\/30\/leonardo-jardim-cobra-eficiencia-ofensiva-do-flamengo\/","title":{"rendered":"Leonardo Jardim cobra efici\u00eancia ofensiva do Flamengo"},"content":{"rendered":"<p>O t\u00e9cnico Leonardo Jardim fez duras cobran\u00e7as ao elenco do Flamengo ap\u00f3s o cl\u00e1ssico contra o Botafogo. Mesmo com o resultado expressivo, o comandante portugu\u00eas destacou a falta de efici\u00eancia da equipe em transformar o dom\u00ednio em gols durante a primeira etapa.<\/p>\n<h2>An\u00e1lise do desempenho em campo<\/h2>\n<p>O treinador avaliou que o rendimento caiu no segundo tempo devido a falhas na sa\u00edda de bola e ao desgaste f\u00edsico natural do estilo de jogo intenso promovido pela comiss\u00e3o t\u00e9cnica. Segundo ele, perder muitas oportunidades d\u00e1 esperan\u00e7a ao advers\u00e1rio, que acaba crescendo na partida.<\/p>\n<h3>A import\u00e2ncia de matar o jogo<\/h3>\n<p>Jardim enfatizou que abrir uma vantagem maior antes do intervalo evita press\u00e3o desnecess\u00e1ria na etapa final. Atletas como Arrascaeta e Pedro exigem um estilo de troca de passes que desgasta bastante o grupo, tornando fundamental aproveitar as chances criadas para construir placares de tr\u00eas ou quatro gols.<\/p>\n<h2>Condi\u00e7\u00e3o f\u00edsica e foco do elenco<\/h2>\n<p>Por outro lado, o comandante descartou qualquer problema relacionado \u00e0 prepara\u00e7\u00e3o f\u00edsica dos jogadores. Ele apontou que o pico de rendimento ocorreu justamente nos minutos finais, provando que o time tem g\u00e1s, mas precisa corrigir erros t\u00e9cnicos e manter a concentra\u00e7\u00e3o para evitar que o rival reaja.<\/p>\n<p>Por Reda\u00e7\u00e3o Acontece<\/p>\n<p>Cr\u00e9ditos da imagem: Divulga\u00e7\u00e3o \/ Flamengo<\/p>\n","protected":false},"excerpt":{"rendered":"<p>O t\u00e9cnico Leonardo Jardim fez duras cobran\u00e7as ao elenco do Flamengo ap\u00f3s o cl\u00e1ssico contra o Botafogo. Mesmo com o resultado expressivo, o comandante portugu\u00eas destacou a falta de efici\u00eancia da equipe em transformar o dom\u00ednio em gols durante a primeira etapa. An\u00e1lise do desempenho em campo O treinador avaliou que o rendimento caiu no [&hellip;]<\/p>\n","protected":false},"author":0,"featured_media":32017,"comment_status":"open","ping_status":"open","sticky":false,"template":"","format":"standard","meta":{"footnotes":""},"categories":[28],"tags":[],"class_list":["post-32009","post","type-post","status-publish","format-standard","has-post-thumbnail","hentry","category-mundo"],"_links":{"self":[{"href":"https:\/\/acontecenafronteira.com.br\/index.php\/wp-json\/wp\/v2\/posts\/32009","targetHints":{"allow":["GET"]}}],"collection":[{"href":"https:\/\/acontecenafronteira.com.br\/index.php\/wp-json\/wp\/v2\/posts"}],"about":[{"href":"https:\/\/acontecenafronteira.com.br\/index.php\/wp-json\/wp\/v2\/types\/post"}],"replies":[{"embeddable":true,"href":"https:\/\/acontecenafronteira.com.br\/index.php\/wp-json\/wp\/v2\/comments?post=32009"}],"version-history":[{"count":1,"href":"https:\/\/acontecenafronteira.com.br\/index.php\/wp-json\/wp\/v2\/posts\/32009\/revisions"}],"predecessor-version":[{"id":32016,"href":"https:\/\/acontecenafronteira.com.br\/index.php\/wp-json\/wp\/v2\/posts\/32009\/revisions\/32016"}],"wp:featuredmedia":[{"embeddable":true,"href":"https:\/\/acontecenafronteira.com.br\/index.php\/wp-json\/wp\/v2\/media\/32017"}],"wp:attachment":[{"href":"https:\/\/acontecenafronteira.com.br\/index.php\/wp-json\/wp\/v2\/media?parent=32009"}],"wp:term":[{"taxonomy":"category","embeddable":true,"href":"https:\/\/acontecenafronteira.com.br\/index.php\/wp-json\/wp\/v2\/categories?post=32009"},{"taxonomy":"post_tag","embeddable":true,"href":"https:\/\/acontecenafronteira.com.br\/index.php\/wp-json\/wp\/v2\/tags?post=32009"}],"curies":[{"name":"wp","href":"https:\/\/api.w.org\/{rel}","templated":true}]}}