{"id":32006,"date":"2026-08-30T21:36:29","date_gmt":"2026-08-31T00:36:29","guid":{"rendered":"https:\/\/acontecenafronteira.com.br\/?p=32006"},"modified":"2026-08-30T21:36:29","modified_gmt":"2026-08-31T00:36:29","slug":"casa-de-nunes-marques-sofre-incendio-apos-vazamento-de-gas","status":"publish","type":"post","link":"https:\/\/acontecenafronteira.com.br\/index.php\/2026\/08\/30\/casa-de-nunes-marques-sofre-incendio-apos-vazamento-de-gas\/","title":{"rendered":"Casa de Nunes Marques sofre inc\u00eandio ap\u00f3s vazamento de g\u00e1s"},"content":{"rendered":"<p>Um vazamento de g\u00e1s foi a causa de um inc\u00eandio registrado neste domingo na resid\u00eancia oficial do ministro do Supremo Tribunal Federal (STF) e presidente do Tribunal Superior Eleitoral (TSE), K\u00e1ssio Nunes Marques.<\/p>\n<p>H2 Ocorr\u00eancia na capital federal H3 Detalhes do incidente na \u00e1rea nobre<\/p>\n<p>O im\u00f3vel est\u00e1 localizado no Lago Sul, bairro nobre situado em Bras\u00edlia. No momento em que as chamas come\u00e7aram, o magistrado encontrava-se no interior da resid\u00eancia acompanhado por sua esposa.<\/p>\n<p>H2 A\u00e7\u00e3o r\u00e1pida do Corpo de Bombeiros<\/p>\n<p>De acordo com informa\u00e7\u00f5es divulgadas pela assessoria de imprensa do TSE, o fogo teve in\u00edcio em decorr\u00eancia de um vazamento em um botij\u00e3o de g\u00e1s conectado a um forno instalado na \u00e1rea externa da casa.<\/p>\n<p>O foco inicial do fogo acabou se propagando rapidamente, atingindo a estrutura do telhado de acr\u00edlico da resid\u00eancia.<\/p>\n<p>Equipes do Corpo de Bombeiros do Distrito Federal foram acionadas imediatamente para atender a ocorr\u00eancia. Os agentes trabalharam por cerca de 40 minutos at\u00e9 conseguirem conter totalmente as chamas e garantir a seguran\u00e7a do local.<\/p>\n<p>Apesar do susto e dos danos materiais provocados pelo fogo, a assessoria confirmou que nenhum dos ocupantes da casa ou pessoas presentes no momento do acidente sofreu ferimentos.<\/p>\n<p>Por Reda\u00e7\u00e3o Acontece<\/p>\n<p>Cr\u00e9dito da imagem: Divulga\u00e7\u00e3o\/Bombeiros DF<\/p>\n","protected":false},"excerpt":{"rendered":"<p>Um vazamento de g\u00e1s foi a causa de um inc\u00eandio registrado neste domingo na resid\u00eancia oficial do ministro do Supremo Tribunal Federal (STF) e presidente do Tribunal Superior Eleitoral (TSE), K\u00e1ssio Nunes Marques. H2 Ocorr\u00eancia na capital federal H3 Detalhes do incidente na \u00e1rea nobre O im\u00f3vel est\u00e1 localizado no Lago Sul, bairro nobre situado [&hellip;]<\/p>\n","protected":false},"author":0,"featured_media":32011,"comment_status":"open","ping_status":"open","sticky":false,"template":"","format":"standard","meta":{"footnotes":""},"categories":[28],"tags":[],"class_list":["post-32006","post","type-post","status-publish","format-standard","has-post-thumbnail","hentry","category-mundo"],"_links":{"self":[{"href":"https:\/\/acontecenafronteira.com.br\/index.php\/wp-json\/wp\/v2\/posts\/32006","targetHints":{"allow":["GET"]}}],"collection":[{"href":"https:\/\/acontecenafronteira.com.br\/index.php\/wp-json\/wp\/v2\/posts"}],"about":[{"href":"https:\/\/acontecenafronteira.com.br\/index.php\/wp-json\/wp\/v2\/types\/post"}],"replies":[{"embeddable":true,"href":"https:\/\/acontecenafronteira.com.br\/index.php\/wp-json\/wp\/v2\/comments?post=32006"}],"version-history":[{"count":1,"href":"https:\/\/acontecenafronteira.com.br\/index.php\/wp-json\/wp\/v2\/posts\/32006\/revisions"}],"predecessor-version":[{"id":32010,"href":"https:\/\/acontecenafronteira.com.br\/index.php\/wp-json\/wp\/v2\/posts\/32006\/revisions\/32010"}],"wp:featuredmedia":[{"embeddable":true,"href":"https:\/\/acontecenafronteira.com.br\/index.php\/wp-json\/wp\/v2\/media\/32011"}],"wp:attachment":[{"href":"https:\/\/acontecenafronteira.com.br\/index.php\/wp-json\/wp\/v2\/media?parent=32006"}],"wp:term":[{"taxonomy":"category","embeddable":true,"href":"https:\/\/acontecenafronteira.com.br\/index.php\/wp-json\/wp\/v2\/categories?post=32006"},{"taxonomy":"post_tag","embeddable":true,"href":"https:\/\/acontecenafronteira.com.br\/index.php\/wp-json\/wp\/v2\/tags?post=32006"}],"curies":[{"name":"wp","href":"https:\/\/api.w.org\/{rel}","templated":true}]}}