{"id":31994,"date":"2026-08-30T20:36:37","date_gmt":"2026-08-30T23:36:37","guid":{"rendered":"https:\/\/acontecenafronteira.com.br\/?p=31994"},"modified":"2026-08-30T20:36:37","modified_gmt":"2026-08-30T23:36:37","slug":"doenca-de-lito-sousa-esposa-detalha-primeiros-sintomas","status":"publish","type":"post","link":"https:\/\/acontecenafronteira.com.br\/index.php\/2026\/08\/30\/doenca-de-lito-sousa-esposa-detalha-primeiros-sintomas\/","title":{"rendered":"Doen\u00e7a de Lito Sousa: esposa detalha primeiros sintomas"},"content":{"rendered":"<p>Os primeiros sinais da doen\u00e7a degenerativa rara que acomete o criador de conte\u00fado digital Lito Sousa foram detalhados por sua esposa, Mila Seidl, durante entrevista ao programa Domingo Espetacular, veiculado no \u00faltimo domingo (30\/8).<\/p>\n<h2>Surgimento dos sinais iniciais<\/h2>\n<p>Os alertas come\u00e7aram a aparecer em julho deste ano, exato per\u00edodo em que o influenciador especializado em avia\u00e7\u00e3o recebeu o diagn\u00f3stico de c\u00e2ncer de pr\u00f3stata. Naquela ocasi\u00e3o, Lito gravou um material em v\u00eddeo para tranquilizar sua base de seguidores e mencionou ter notado uma sensa\u00e7\u00e3o at\u00edpica no membro superior esquerdo.<\/p>\n<h2>Agravamento durante viagem internacional<\/h2>\n<p>O quadro evoluiu de forma percept\u00edvel meses depois, quando o casal realizava uma viagem para os Estados Unidos. Mila relatou um epis\u00f3dio espec\u00edfico durante uma refei\u00e7\u00e3o em um restaurante. O bra\u00e7o do influenciador subia involuntariamente enquanto ele tentava cortar os alimentos, gesto que ele pr\u00f3prio n\u00e3o percebia at\u00e9 ser alertado pela esposa.<\/p>\n<h2>Rea\u00e7\u00e3o diante do diagn\u00f3stico<\/h2>\n<p>Questionada sobre o momento em que receberam a confirma\u00e7\u00e3o m\u00e9dica da nova condi\u00e7\u00e3o, Mila confessou ter desabado emocionalmente, enquanto o marido manteve a serenidade, fazendo questionamentos aos profissionais de sa\u00fade. Para atravessar o desafio, o casal optou por uma divis\u00e3o estrat\u00e9gica de pap\u00e9is, atuando em conjunto para focar no tratamento e na manuten\u00e7\u00e3o da rotina poss\u00edvel.<\/p>\n<p>Atualmente, o influenciador permanece hospitalizado recebendo os cuidados m\u00e9dicos necess\u00e1rios para a enfermidade rara, mantendo-se otimizado e confiante na recupera\u00e7\u00e3o ao lado da fam\u00edlia.<\/p>\n<p>Por Reda\u00e7\u00e3o Acontece<\/p>\n<p>Reprodu\u00e7\u00e3o\/YouTube<\/p>\n","protected":false},"excerpt":{"rendered":"<p>Os primeiros sinais da doen\u00e7a degenerativa rara que acomete o criador de conte\u00fado digital Lito Sousa foram detalhados por sua esposa, Mila Seidl, durante entrevista ao programa Domingo Espetacular, veiculado no \u00faltimo domingo (30\/8). Surgimento dos sinais iniciais Os alertas come\u00e7aram a aparecer em julho deste ano, exato per\u00edodo em que o influenciador especializado em [&hellip;]<\/p>\n","protected":false},"author":0,"featured_media":32001,"comment_status":"open","ping_status":"open","sticky":false,"template":"","format":"standard","meta":{"footnotes":""},"categories":[6],"tags":[],"class_list":["post-31994","post","type-post","status-publish","format-standard","has-post-thumbnail","hentry","category-mercosul"],"_links":{"self":[{"href":"https:\/\/acontecenafronteira.com.br\/index.php\/wp-json\/wp\/v2\/posts\/31994","targetHints":{"allow":["GET"]}}],"collection":[{"href":"https:\/\/acontecenafronteira.com.br\/index.php\/wp-json\/wp\/v2\/posts"}],"about":[{"href":"https:\/\/acontecenafronteira.com.br\/index.php\/wp-json\/wp\/v2\/types\/post"}],"replies":[{"embeddable":true,"href":"https:\/\/acontecenafronteira.com.br\/index.php\/wp-json\/wp\/v2\/comments?post=31994"}],"version-history":[{"count":1,"href":"https:\/\/acontecenafronteira.com.br\/index.php\/wp-json\/wp\/v2\/posts\/31994\/revisions"}],"predecessor-version":[{"id":32000,"href":"https:\/\/acontecenafronteira.com.br\/index.php\/wp-json\/wp\/v2\/posts\/31994\/revisions\/32000"}],"wp:featuredmedia":[{"embeddable":true,"href":"https:\/\/acontecenafronteira.com.br\/index.php\/wp-json\/wp\/v2\/media\/32001"}],"wp:attachment":[{"href":"https:\/\/acontecenafronteira.com.br\/index.php\/wp-json\/wp\/v2\/media?parent=31994"}],"wp:term":[{"taxonomy":"category","embeddable":true,"href":"https:\/\/acontecenafronteira.com.br\/index.php\/wp-json\/wp\/v2\/categories?post=31994"},{"taxonomy":"post_tag","embeddable":true,"href":"https:\/\/acontecenafronteira.com.br\/index.php\/wp-json\/wp\/v2\/tags?post=31994"}],"curies":[{"name":"wp","href":"https:\/\/api.w.org\/{rel}","templated":true}]}}