{"id":31993,"date":"2026-08-30T20:36:33","date_gmt":"2026-08-30T23:36:33","guid":{"rendered":"https:\/\/acontecenafronteira.com.br\/?p=31993"},"modified":"2026-08-30T20:36:33","modified_gmt":"2026-08-30T23:36:33","slug":"malevola-alves-confirma-prisao-em-sp-e-pagamento-de-fianca","status":"publish","type":"post","link":"https:\/\/acontecenafronteira.com.br\/index.php\/2026\/08\/30\/malevola-alves-confirma-prisao-em-sp-e-pagamento-de-fianca\/","title":{"rendered":"Mal\u00e9vola Alves confirma pris\u00e3o em SP e pagamento de fian\u00e7a"},"content":{"rendered":"<p>Mal\u00e9vola Alves confirma pris\u00e3o em SP e pagamento de fian\u00e7a A influenciadora Mal\u00e9vola Alves quebrou o sil\u00eancio neste domingo e confirmou que foi presa ap\u00f3s briga em festa na capital paulista. Saiba os detalhes. A criadora de conte\u00fado <strong>Mal\u00e9vola Alves<\/strong> utilizou seu perfil no Instagram neste domingo (30\/8) para esclarecer os rumores sobre sua deten\u00e7\u00e3o ocorrida na madrugada do mesmo dia, em <strong>S\u00e3o Paulo<\/strong>. A figura p\u00fablica confirmou o epis\u00f3dio policial e revelou que obteve sua liberdade ap\u00f3s o pagamento de uma <strong>fian\u00e7a<\/strong> estipulada em R$ 1.600,00. <\/p>\n<h2>Repercuss\u00e3o nas redes sociais<\/h2>\n<p> Durante seu desabafo na internet, a famosa criticou a velocidade com que boatos se espalham no ambiente virtual. Ela afirmou que os fatos costumam ser distorcidos com facilidade pelos internautas e portais de not\u00edcias. Em tom ir\u00f4nico, a influenciadora tranquilizou seus seguidores ao afirmar que j\u00e1 se encontrava em sua resid\u00eancia. Ela justificou que precisou quitar o valor estipulado pelas autoridades rapidamente devido aos compromissos profissionais de sua <strong>agenda corrida<\/strong> e prometeu divulgar uma nota oficial elaborada por sua equipe jur\u00eddica em breve. <\/p>\n<h2>Motiva\u00e7\u00e3o da confus\u00e3o<\/h2>\n<p> O tumulto que resultou na interven\u00e7\u00e3o policial teve in\u00edcio durante uma festa na capital paulista, onde a criadora de conte\u00fados estava acompanhada por amigos. Relatos apontam que o grupo havia recebido autoriza\u00e7\u00e3o da administra\u00e7\u00e3o do local para acessar a \u00e1rea VIP. Contudo, a situa\u00e7\u00e3o mudou quando um funcion\u00e1rio do estabelecimento questionou a perman\u00eancia da famosa no camarote reservado. A abordagem gerou insatisfa\u00e7\u00e3o nos acompanhantes de Mal\u00e9vola, culminando em uma discuss\u00e3o acalorada. A influenciadora interveio na contenda para apoiar seus colegas, transformando o bate-boca em um <strong>dist\u00farbio generalizado<\/strong>. A interven\u00e7\u00e3o das autoridades foi necess\u00e1ria, levando \u00e0 deten\u00e7\u00e3o tempor\u00e1ria da personalidade da m\u00eddia, que acabou liberada horas depois mediante o acerto financeiro com a justi\u00e7a. O caso segue repercutindo na internet e reacende debates sobre o comportamento de figuras p\u00fablicas em eventos sociais e o rigor das autoridades diante de desentendimentos em casas noturnas. Por Reda\u00e7\u00e3o Acontece Foto: Reprodu\u00e7\u00e3o\/Instagram<\/p>\n","protected":false},"excerpt":{"rendered":"<p>Mal\u00e9vola Alves confirma pris\u00e3o em SP e pagamento de fian\u00e7a A influenciadora Mal\u00e9vola Alves quebrou o sil\u00eancio neste domingo e confirmou que foi presa ap\u00f3s briga em festa na capital paulista. Saiba os detalhes. A criadora de conte\u00fado Mal\u00e9vola Alves utilizou seu perfil no Instagram neste domingo (30\/8) para esclarecer os rumores sobre sua deten\u00e7\u00e3o [&hellip;]<\/p>\n","protected":false},"author":0,"featured_media":31999,"comment_status":"open","ping_status":"open","sticky":false,"template":"","format":"standard","meta":{"footnotes":""},"categories":[6],"tags":[],"class_list":["post-31993","post","type-post","status-publish","format-standard","has-post-thumbnail","hentry","category-mercosul"],"_links":{"self":[{"href":"https:\/\/acontecenafronteira.com.br\/index.php\/wp-json\/wp\/v2\/posts\/31993","targetHints":{"allow":["GET"]}}],"collection":[{"href":"https:\/\/acontecenafronteira.com.br\/index.php\/wp-json\/wp\/v2\/posts"}],"about":[{"href":"https:\/\/acontecenafronteira.com.br\/index.php\/wp-json\/wp\/v2\/types\/post"}],"replies":[{"embeddable":true,"href":"https:\/\/acontecenafronteira.com.br\/index.php\/wp-json\/wp\/v2\/comments?post=31993"}],"version-history":[{"count":1,"href":"https:\/\/acontecenafronteira.com.br\/index.php\/wp-json\/wp\/v2\/posts\/31993\/revisions"}],"predecessor-version":[{"id":31998,"href":"https:\/\/acontecenafronteira.com.br\/index.php\/wp-json\/wp\/v2\/posts\/31993\/revisions\/31998"}],"wp:featuredmedia":[{"embeddable":true,"href":"https:\/\/acontecenafronteira.com.br\/index.php\/wp-json\/wp\/v2\/media\/31999"}],"wp:attachment":[{"href":"https:\/\/acontecenafronteira.com.br\/index.php\/wp-json\/wp\/v2\/media?parent=31993"}],"wp:term":[{"taxonomy":"category","embeddable":true,"href":"https:\/\/acontecenafronteira.com.br\/index.php\/wp-json\/wp\/v2\/categories?post=31993"},{"taxonomy":"post_tag","embeddable":true,"href":"https:\/\/acontecenafronteira.com.br\/index.php\/wp-json\/wp\/v2\/tags?post=31993"}],"curies":[{"name":"wp","href":"https:\/\/api.w.org\/{rel}","templated":true}]}}