{"id":31983,"date":"2026-08-30T20:36:24","date_gmt":"2026-08-30T23:36:24","guid":{"rendered":"https:\/\/acontecenafronteira.com.br\/?p=31983"},"modified":"2026-08-30T20:36:24","modified_gmt":"2026-08-30T23:36:24","slug":"pm-morre-em-confronto-armado-em-sao-pedro-da-aldeia","status":"publish","type":"post","link":"https:\/\/acontecenafronteira.com.br\/index.php\/2026\/08\/30\/pm-morre-em-confronto-armado-em-sao-pedro-da-aldeia\/","title":{"rendered":"PM morre em confronto armado em S\u00e3o Pedro da Aldeia"},"content":{"rendered":"<p>Um cabo da Pol\u00edcia Militar do Estado do Rio de Janeiro morreu neste s\u00e1bado ap\u00f3s ser baleado durante um intenso confronto com criminosos armados na cidade de <b>S\u00e3o Pedro da Aldeia<\/b>, situada na Regi\u00e3o dos Lagos.<\/p>\n<h2>A\u00e7\u00e3o policial na Regi\u00e3o dos Lagos<\/h2>\n<p>O agente identificado como Adriano Henrique Jardim da Silva, de 35 anos, integrava as equipes do 25\u00ba Batalh\u00e3o de Pol\u00edcia Militar, sediado em Cabo Frio. A guarni\u00e7\u00e3o realizava uma opera\u00e7\u00e3o de rotina na localidade conhecida como Pra\u00e7a de Campo Redondo quando os policiais foram surpreendidos por disparos de arma de fogo efetuados por suspeitos.<\/p>\n<p>Durante a troca de tiros, o policial militar acabou sendo atingido. Imediatamente ap\u00f3s o ataque, os companheiros de farda prestaram socorro e o encaminharam com urg\u00eancia para o Pronto-Socorro municipal, mas ele n\u00e3o resistiu \u00e0 gravidade dos ferimentos e veio a \u00f3bito na unidade de sa\u00fade.<\/p>\n<h2>Refor\u00e7o na seguran\u00e7a e buscas<\/h2>\n<p>Diante da gravidade do crime, o comando da Secretaria de Estado de Pol\u00edcia Militar determinou o refor\u00e7o imediato do patrulhamento em toda a regi\u00e3o. V\u00e1rias equipes especializadas foram mobilizadas para realizar opera\u00e7\u00f5es de varredura e cerco na tentativa de identificar e capturar os criminosos respons\u00e1veis pela morte do agente.<\/p>\n<p>Por meio de nota oficial, a corpora\u00e7\u00e3o manifestou profundo pesar pelo falecimento do policial e prestou solidariedade aos familiares, amigos e colegas de farda enlutados. O militar estava nas fileiras da corpora\u00e7\u00e3o desde 2018, dedicando sua vida \u00e0 seguran\u00e7a p\u00fablica do estado.<\/p>\n<p>O cabo Adriano Henrique Jardim da Silva era casado e deixa uma filha. As autoridades ainda n\u00e3o divulgaram os detalhes referentes aos hor\u00e1rios e locais do vel\u00f3rio e do sepultamento.<\/p>\n<p>Por Reda\u00e7\u00e3o Acontece<\/p>\n<p>Foto: Reprodu\u00e7\u00e3o \/ Redes Sociais<\/p>\n","protected":false},"excerpt":{"rendered":"<p>Um cabo da Pol\u00edcia Militar do Estado do Rio de Janeiro morreu neste s\u00e1bado ap\u00f3s ser baleado durante um intenso confronto com criminosos armados na cidade de S\u00e3o Pedro da Aldeia, situada na Regi\u00e3o dos Lagos. A\u00e7\u00e3o policial na Regi\u00e3o dos Lagos O agente identificado como Adriano Henrique Jardim da Silva, de 35 anos, integrava [&hellip;]<\/p>\n","protected":false},"author":0,"featured_media":31991,"comment_status":"open","ping_status":"open","sticky":false,"template":"","format":"standard","meta":{"footnotes":""},"categories":[28],"tags":[],"class_list":["post-31983","post","type-post","status-publish","format-standard","has-post-thumbnail","hentry","category-mundo"],"_links":{"self":[{"href":"https:\/\/acontecenafronteira.com.br\/index.php\/wp-json\/wp\/v2\/posts\/31983","targetHints":{"allow":["GET"]}}],"collection":[{"href":"https:\/\/acontecenafronteira.com.br\/index.php\/wp-json\/wp\/v2\/posts"}],"about":[{"href":"https:\/\/acontecenafronteira.com.br\/index.php\/wp-json\/wp\/v2\/types\/post"}],"replies":[{"embeddable":true,"href":"https:\/\/acontecenafronteira.com.br\/index.php\/wp-json\/wp\/v2\/comments?post=31983"}],"version-history":[{"count":1,"href":"https:\/\/acontecenafronteira.com.br\/index.php\/wp-json\/wp\/v2\/posts\/31983\/revisions"}],"predecessor-version":[{"id":31990,"href":"https:\/\/acontecenafronteira.com.br\/index.php\/wp-json\/wp\/v2\/posts\/31983\/revisions\/31990"}],"wp:featuredmedia":[{"embeddable":true,"href":"https:\/\/acontecenafronteira.com.br\/index.php\/wp-json\/wp\/v2\/media\/31991"}],"wp:attachment":[{"href":"https:\/\/acontecenafronteira.com.br\/index.php\/wp-json\/wp\/v2\/media?parent=31983"}],"wp:term":[{"taxonomy":"category","embeddable":true,"href":"https:\/\/acontecenafronteira.com.br\/index.php\/wp-json\/wp\/v2\/categories?post=31983"},{"taxonomy":"post_tag","embeddable":true,"href":"https:\/\/acontecenafronteira.com.br\/index.php\/wp-json\/wp\/v2\/tags?post=31983"}],"curies":[{"name":"wp","href":"https:\/\/api.w.org\/{rel}","templated":true}]}}