{"id":31981,"date":"2026-08-30T20:36:15","date_gmt":"2026-08-30T23:36:15","guid":{"rendered":"https:\/\/acontecenafronteira.com.br\/?p=31981"},"modified":"2026-08-30T20:36:15","modified_gmt":"2026-08-30T23:36:15","slug":"botafogo-segura-tecnico-interino-e-busca-reforcos-urgentes","status":"publish","type":"post","link":"https:\/\/acontecenafronteira.com.br\/index.php\/2026\/08\/30\/botafogo-segura-tecnico-interino-e-busca-reforcos-urgentes\/","title":{"rendered":"Botafogo segura t\u00e9cnico interino e busca refor\u00e7os urgentes"},"content":{"rendered":"<p>O rev\u00e9s sofrido diante do Flamengo por 3 a 0 no \u00faltimo domingo elevou a press\u00e3o nos bastidores do Botafogo, mas a diretoria optou por preservar a estabilidade e n\u00e3o demitir a comiss\u00e3o t\u00e9cnica de forma imediata.<\/p>\n<h2>Situa\u00e7\u00e3o do comando t\u00e9cnico<\/h2>\n<p>Apesar dos rumores sobre a chegada de novos treinadores experientes ao clube, a c\u00fapula alvinegra assegurou a perman\u00eancia do t\u00e9cnico interino <strong>Rodrigo Bell\u00e3o<\/strong> no cargo.<\/p>\n<p>Neste momento, a prioridade absoluta nos bastidores \u00e9 a qualifica\u00e7\u00e3o do plantel, deixando a busca por um t\u00e9cnico definitivo em segundo plano enquanto a janela de transfer\u00eancias se aproxima do fim.<\/p>\n<h2>Novidades no mercado da bola<\/h2>\n<p>Para solucionar as fragilidades defensivas, a diretoria avan\u00e7ou nas tratativas para contratar o zagueiro <strong>Nathan Silva<\/strong>, em uma opera\u00e7\u00e3o avaliada em aproximadamente R$ 10 milh\u00f5es.<\/p>\n<p>Paralelamente, o departamento de futebol monitora alternativas para o setor ofensivo e conduz conversas avan\u00e7adas para anunciar novas pe\u00e7as para o ataque.<\/p>\n<p>A urg\u00eancia por contrata\u00e7\u00f5es aumentou consideravelmente ap\u00f3s o rev\u00e9s no cl\u00e1ssico carioca, for\u00e7ando o clube a acelerar os acordos para garantir uma rea\u00e7\u00e3o imediata na disputa do <strong>Campeonato Brasileiro<\/strong>.<\/p>\n<p>Por Reda\u00e7\u00e3o Acontece<\/p>\n<p>Cr\u00e9ditos da imagem: Divulga\u00e7\u00e3o \/ Botafogo<\/p>\n","protected":false},"excerpt":{"rendered":"<p>O rev\u00e9s sofrido diante do Flamengo por 3 a 0 no \u00faltimo domingo elevou a press\u00e3o nos bastidores do Botafogo, mas a diretoria optou por preservar a estabilidade e n\u00e3o demitir a comiss\u00e3o t\u00e9cnica de forma imediata. Situa\u00e7\u00e3o do comando t\u00e9cnico Apesar dos rumores sobre a chegada de novos treinadores experientes ao clube, a c\u00fapula [&hellip;]<\/p>\n","protected":false},"author":0,"featured_media":31987,"comment_status":"open","ping_status":"open","sticky":false,"template":"","format":"standard","meta":{"footnotes":""},"categories":[28],"tags":[],"class_list":["post-31981","post","type-post","status-publish","format-standard","has-post-thumbnail","hentry","category-mundo"],"_links":{"self":[{"href":"https:\/\/acontecenafronteira.com.br\/index.php\/wp-json\/wp\/v2\/posts\/31981","targetHints":{"allow":["GET"]}}],"collection":[{"href":"https:\/\/acontecenafronteira.com.br\/index.php\/wp-json\/wp\/v2\/posts"}],"about":[{"href":"https:\/\/acontecenafronteira.com.br\/index.php\/wp-json\/wp\/v2\/types\/post"}],"replies":[{"embeddable":true,"href":"https:\/\/acontecenafronteira.com.br\/index.php\/wp-json\/wp\/v2\/comments?post=31981"}],"version-history":[{"count":1,"href":"https:\/\/acontecenafronteira.com.br\/index.php\/wp-json\/wp\/v2\/posts\/31981\/revisions"}],"predecessor-version":[{"id":31986,"href":"https:\/\/acontecenafronteira.com.br\/index.php\/wp-json\/wp\/v2\/posts\/31981\/revisions\/31986"}],"wp:featuredmedia":[{"embeddable":true,"href":"https:\/\/acontecenafronteira.com.br\/index.php\/wp-json\/wp\/v2\/media\/31987"}],"wp:attachment":[{"href":"https:\/\/acontecenafronteira.com.br\/index.php\/wp-json\/wp\/v2\/media?parent=31981"}],"wp:term":[{"taxonomy":"category","embeddable":true,"href":"https:\/\/acontecenafronteira.com.br\/index.php\/wp-json\/wp\/v2\/categories?post=31981"},{"taxonomy":"post_tag","embeddable":true,"href":"https:\/\/acontecenafronteira.com.br\/index.php\/wp-json\/wp\/v2\/tags?post=31981"}],"curies":[{"name":"wp","href":"https:\/\/api.w.org\/{rel}","templated":true}]}}