{"id":31980,"date":"2026-08-30T20:36:10","date_gmt":"2026-08-30T23:36:10","guid":{"rendered":"https:\/\/acontecenafronteira.com.br\/?p=31980"},"modified":"2026-08-30T20:36:10","modified_gmt":"2026-08-30T23:36:10","slug":"zeca-veloso-filho-de-caetano-se-casa-no-rio-de-janeiro","status":"publish","type":"post","link":"https:\/\/acontecenafronteira.com.br\/index.php\/2026\/08\/30\/zeca-veloso-filho-de-caetano-se-casa-no-rio-de-janeiro\/","title":{"rendered":"Zeca Veloso, filho de Caetano, se casa no Rio de Janeiro"},"content":{"rendered":"<p>O m\u00fasico <strong>Zeca Veloso<\/strong>, filho de Caetano Veloso e da produtora Paula Lavigne, oficializou sua uni\u00e3o com <strong>Mariana Fernandes<\/strong> durante o \u00faltimo fim de semana na cidade do Rio de Janeiro.<\/p>\n<h2>Detalhes da cerim\u00f4nia \u00edntima<\/h2>\n<p>O evento festivo ocorreu de maneira restrita, contando apenas com a presen\u00e7a de familiares pr\u00f3ximos do casal. A celebra\u00e7\u00e3o religiosa seguiu preceitos da f\u00e9 crist\u00e3, sendo conduzida por um pastor com b\u00ean\u00e7\u00e3os acolhidas tanto pelos adultos quanto pelas crian\u00e7as presentes.<\/p>\n<p>A trilha sonora do enlace matrimonial ficou a cargo de um quarteto de cordas, respons\u00e1vel por emocionar os convidados em um dia marcado por l\u00e1grimas, sorrisos e profunda import\u00e2ncia para a fam\u00edlia Veloso.<\/p>\n<h2>Repercuss\u00e3o familiar<\/h2>\n<p>Nas redes sociais, Caetano Veloso e Paula Lavigne compartilharam uma publica\u00e7\u00e3o conjunta para celebrar o momento especial, destacando a beleza da uni\u00e3o e desejando felicidade intensa aos rec\u00e9m-casados.<\/p>\n<p>Zeca Veloso \u00e9 o filho do meio de Caetano e o primog\u00eanito do casamento com Paula Lavigne. Ele \u00e9 irm\u00e3o de Moreno Veloso \u2014 fruto da rela\u00e7\u00e3o anterior do cantor com Ded\u00e9 Gadelha \u2014 e de Tom Veloso, o ca\u00e7ula da fam\u00edlia.<\/p>\n<h2>Trajet\u00f3ria art\u00edstica<\/h2>\n<p>Al\u00e9m de sua vida pessoal, o artista vem se destacando no cen\u00e1rio musical brasileiro. Recentemente, ele lan\u00e7ou seu primeiro \u00e1lbum de est\u00fadio, intitulado Boas Novas, que traz um repert\u00f3rio totalmente autoral.<\/p>\n<p>O disco inclui faixas como Salvador, M\u00e1quina do Rio e O Sal Desse Ch\u00e3o, esta \u00faltima sendo uma parceria com o cantor Xande de Pilares, al\u00e9m de contar com participa\u00e7\u00f5es especiais de nomes como Dora Morelenbaum.<\/p>\n<p>A proje\u00e7\u00e3o nacional de Zeca come\u00e7ou em 2017, quando ele integrou o projeto familiar Ofert\u00f3rio, dividindo os palcos ao lado do pai e de seus irm\u00e3os Moreno e Tom Veloso.<\/p>\n<p>Por Reda\u00e7\u00e3o Acontece<\/p>\n<p>Foto: Reprodu\u00e7\u00e3o \/ Instagram<\/p>\n","protected":false},"excerpt":{"rendered":"<p>O m\u00fasico Zeca Veloso, filho de Caetano Veloso e da produtora Paula Lavigne, oficializou sua uni\u00e3o com Mariana Fernandes durante o \u00faltimo fim de semana na cidade do Rio de Janeiro. Detalhes da cerim\u00f4nia \u00edntima O evento festivo ocorreu de maneira restrita, contando apenas com a presen\u00e7a de familiares pr\u00f3ximos do casal. A celebra\u00e7\u00e3o religiosa [&hellip;]<\/p>\n","protected":false},"author":0,"featured_media":31985,"comment_status":"open","ping_status":"open","sticky":false,"template":"","format":"standard","meta":{"footnotes":""},"categories":[28],"tags":[],"class_list":["post-31980","post","type-post","status-publish","format-standard","has-post-thumbnail","hentry","category-mundo"],"_links":{"self":[{"href":"https:\/\/acontecenafronteira.com.br\/index.php\/wp-json\/wp\/v2\/posts\/31980","targetHints":{"allow":["GET"]}}],"collection":[{"href":"https:\/\/acontecenafronteira.com.br\/index.php\/wp-json\/wp\/v2\/posts"}],"about":[{"href":"https:\/\/acontecenafronteira.com.br\/index.php\/wp-json\/wp\/v2\/types\/post"}],"replies":[{"embeddable":true,"href":"https:\/\/acontecenafronteira.com.br\/index.php\/wp-json\/wp\/v2\/comments?post=31980"}],"version-history":[{"count":1,"href":"https:\/\/acontecenafronteira.com.br\/index.php\/wp-json\/wp\/v2\/posts\/31980\/revisions"}],"predecessor-version":[{"id":31984,"href":"https:\/\/acontecenafronteira.com.br\/index.php\/wp-json\/wp\/v2\/posts\/31980\/revisions\/31984"}],"wp:featuredmedia":[{"embeddable":true,"href":"https:\/\/acontecenafronteira.com.br\/index.php\/wp-json\/wp\/v2\/media\/31985"}],"wp:attachment":[{"href":"https:\/\/acontecenafronteira.com.br\/index.php\/wp-json\/wp\/v2\/media?parent=31980"}],"wp:term":[{"taxonomy":"category","embeddable":true,"href":"https:\/\/acontecenafronteira.com.br\/index.php\/wp-json\/wp\/v2\/categories?post=31980"},{"taxonomy":"post_tag","embeddable":true,"href":"https:\/\/acontecenafronteira.com.br\/index.php\/wp-json\/wp\/v2\/tags?post=31980"}],"curies":[{"name":"wp","href":"https:\/\/api.w.org\/{rel}","templated":true}]}}