{"id":31974,"date":"2026-08-30T20:36:00","date_gmt":"2026-08-30T23:36:00","guid":{"rendered":"https:\/\/acontecenafronteira.com.br\/?p=31974"},"modified":"2026-08-30T20:36:00","modified_gmt":"2026-08-30T23:36:00","slug":"cop17-brasil-enfrenta-cobrancas-por-metas-de-restauracao","status":"publish","type":"post","link":"https:\/\/acontecenafronteira.com.br\/index.php\/2026\/08\/30\/cop17-brasil-enfrenta-cobrancas-por-metas-de-restauracao\/","title":{"rendered":"COP17: Brasil enfrenta cobran\u00e7as por metas de restaura\u00e7\u00e3o"},"content":{"rendered":"<p>O governo brasileiro est\u00e1 sob intensa press\u00e3o internacional para transformar compromissos ambientais em a\u00e7\u00f5es concretas, logo ap\u00f3s o encerramento da COP17. Especialistas e autoridades cobram avan\u00e7os r\u00e1pidos na recupera\u00e7\u00e3o de biomas degradados em todo o territ\u00f3rio nacional.<\/p>\n<h2>Os desafios da restaura\u00e7\u00e3o florestal no Brasil<\/h2>\n<p>A agenda de recupera\u00e7\u00e3o ambiental exige investimentos massivos e coopera\u00e7\u00e3o entre diferentes esferas governamentais e o setor privado. A falta de cronogramas detalhados tem sido o principal alvo de cr\u00edticas por parte de observadores internacionais.<\/p>\n<h3>Compromissos clim\u00e1ticos e credibilidade<\/h3>\n<p>Para manter sua credibilidade nas negocia\u00e7\u00f5es globais sobre o clima, o pa\u00eds precisa apresentar resultados tang\u00edveis na revers\u00e3o do desmatamento e na revitaliza\u00e7\u00e3o de \u00e1reas afetadas pela explora\u00e7\u00e3o econ\u00f4mica e eventos extremos.<\/p>\n<h2>Pr\u00f3ximos passos para o cumprimento das metas<\/h2>\n<p>As cobran\u00e7as p\u00f3s-COP17 colocam a pauta ambiental no centro das prioridades nacionais. A expectativa \u00e9 que novas diretrizes sejam anunciadas em breve para acelerar os processos de reflorestamento e prote\u00e7\u00e3o de ecossistemas estrat\u00e9gicos.<\/p>\n<p>O sucesso dessas iniciativas depender\u00e1 de fiscaliza\u00e7\u00e3o rigorosa, incentivos econ\u00f4micos sustent\u00e1veis e do envolvimento direto das comunidades locais na preserva\u00e7\u00e3o dos recursos naturais.<\/p>\n<p>Por Reda\u00e7\u00e3o Acontece<\/p>\n<p>Cr\u00e9ditos da imagem: Divulga\u00e7\u00e3o \/ Minist\u00e9rio do Meio Ambiente<\/p>\n","protected":false},"excerpt":{"rendered":"<p>O governo brasileiro est\u00e1 sob intensa press\u00e3o internacional para transformar compromissos ambientais em a\u00e7\u00f5es concretas, logo ap\u00f3s o encerramento da COP17. Especialistas e autoridades cobram avan\u00e7os r\u00e1pidos na recupera\u00e7\u00e3o de biomas degradados em todo o territ\u00f3rio nacional. Os desafios da restaura\u00e7\u00e3o florestal no Brasil A agenda de recupera\u00e7\u00e3o ambiental exige investimentos massivos e coopera\u00e7\u00e3o entre [&hellip;]<\/p>\n","protected":false},"author":0,"featured_media":31977,"comment_status":"open","ping_status":"open","sticky":false,"template":"","format":"standard","meta":{"footnotes":""},"categories":[18],"tags":[],"class_list":["post-31974","post","type-post","status-publish","format-standard","has-post-thumbnail","hentry","category-parana"],"_links":{"self":[{"href":"https:\/\/acontecenafronteira.com.br\/index.php\/wp-json\/wp\/v2\/posts\/31974","targetHints":{"allow":["GET"]}}],"collection":[{"href":"https:\/\/acontecenafronteira.com.br\/index.php\/wp-json\/wp\/v2\/posts"}],"about":[{"href":"https:\/\/acontecenafronteira.com.br\/index.php\/wp-json\/wp\/v2\/types\/post"}],"replies":[{"embeddable":true,"href":"https:\/\/acontecenafronteira.com.br\/index.php\/wp-json\/wp\/v2\/comments?post=31974"}],"version-history":[{"count":1,"href":"https:\/\/acontecenafronteira.com.br\/index.php\/wp-json\/wp\/v2\/posts\/31974\/revisions"}],"predecessor-version":[{"id":31976,"href":"https:\/\/acontecenafronteira.com.br\/index.php\/wp-json\/wp\/v2\/posts\/31974\/revisions\/31976"}],"wp:featuredmedia":[{"embeddable":true,"href":"https:\/\/acontecenafronteira.com.br\/index.php\/wp-json\/wp\/v2\/media\/31977"}],"wp:attachment":[{"href":"https:\/\/acontecenafronteira.com.br\/index.php\/wp-json\/wp\/v2\/media?parent=31974"}],"wp:term":[{"taxonomy":"category","embeddable":true,"href":"https:\/\/acontecenafronteira.com.br\/index.php\/wp-json\/wp\/v2\/categories?post=31974"},{"taxonomy":"post_tag","embeddable":true,"href":"https:\/\/acontecenafronteira.com.br\/index.php\/wp-json\/wp\/v2\/tags?post=31974"}],"curies":[{"name":"wp","href":"https:\/\/api.w.org\/{rel}","templated":true}]}}