{"id":31965,"date":"2026-08-30T19:36:52","date_gmt":"2026-08-30T22:36:52","guid":{"rendered":"https:\/\/acontecenafronteira.com.br\/?p=31965"},"modified":"2026-08-30T19:36:52","modified_gmt":"2026-08-30T22:36:52","slug":"asa-al-empata-com-o-gama-e-vai-a-final-da-serie-d","status":"publish","type":"post","link":"https:\/\/acontecenafronteira.com.br\/index.php\/2026\/08\/30\/asa-al-empata-com-o-gama-e-vai-a-final-da-serie-d\/","title":{"rendered":"ASA-AL empata com o Gama e vai \u00e0 final da S\u00e9rie D"},"content":{"rendered":"<p>O ASA-AL garantiu sua classifica\u00e7\u00e3o para a grande final do Brasileir\u00e3o S\u00e9rie D ZeroUm neste domingo (30\/8), ap\u00f3s segurar um empate sem gols contra o Gama-DF no Est\u00e1dio Valmir Bezerra, localizado no Gama, Distrito Federal, em partida disputada \u00e0s 16h.<\/p>\n<h2>A vantagem constru\u00edda no primeiro jogo<\/h2>\n<p>Como o time alagoano havia vencido o confronto de ida por 2 x 0 no Est\u00e1dio Coaracy Fonseca, em Arapiraca (AL), no dia 23 de agosto \u00e0s 17h, a igualdade no placar foi suficiente para assegurar a vaga na decis\u00e3o do torneio nacional.<\/p>\n<h2>Transmiss\u00e3o oficial e calend\u00e1rio<\/h2>\n<p>Todas as emo\u00e7\u00f5es e os jogos da semifinal do campeonato s\u00e3o transmitidos ao vivo atrav\u00e9s do canal oficial do Metr\u00f3poles Esportes no YouTube, consolidando a plataforma como refer\u00eancia na cobertura de grandes eventos do futebol nacional.<\/p>\n<p>O panorama da fase semifinal ainda contou com o duelo de ida entre Uberl\u00e2ndia-MG e ABC-RN, realizado no dia 22 de agosto \u00e0s 17h no Parque do Sabi\u00e1, em Minas Gerais, onde os mandantes venceram por 1 x 0, al\u00e9m do jogo de volta na Arena das Dunas, em Natal (RN).<\/p>\n<p>O portal se consolidou como a casa dos esportes no Brasil, tendo transmitido no primeiro semestre deste ano importantes competi\u00e7\u00f5es como os estaduais Candango, Catarinense e as S\u00e9ries A2 e A3 do Paulist\u00e3o, al\u00e9m de diversos outros torneios.<\/p>\n<p>Por Reda\u00e7\u00e3o Acontece<\/p>\n<p>Divulga\u00e7\u00e3o\/ASA-AL<\/p>\n","protected":false},"excerpt":{"rendered":"<p>O ASA-AL garantiu sua classifica\u00e7\u00e3o para a grande final do Brasileir\u00e3o S\u00e9rie D ZeroUm neste domingo (30\/8), ap\u00f3s segurar um empate sem gols contra o Gama-DF no Est\u00e1dio Valmir Bezerra, localizado no Gama, Distrito Federal, em partida disputada \u00e0s 16h. A vantagem constru\u00edda no primeiro jogo Como o time alagoano havia vencido o confronto de [&hellip;]<\/p>\n","protected":false},"author":0,"featured_media":31973,"comment_status":"open","ping_status":"open","sticky":false,"template":"","format":"standard","meta":{"footnotes":""},"categories":[6],"tags":[],"class_list":["post-31965","post","type-post","status-publish","format-standard","has-post-thumbnail","hentry","category-mercosul"],"_links":{"self":[{"href":"https:\/\/acontecenafronteira.com.br\/index.php\/wp-json\/wp\/v2\/posts\/31965","targetHints":{"allow":["GET"]}}],"collection":[{"href":"https:\/\/acontecenafronteira.com.br\/index.php\/wp-json\/wp\/v2\/posts"}],"about":[{"href":"https:\/\/acontecenafronteira.com.br\/index.php\/wp-json\/wp\/v2\/types\/post"}],"replies":[{"embeddable":true,"href":"https:\/\/acontecenafronteira.com.br\/index.php\/wp-json\/wp\/v2\/comments?post=31965"}],"version-history":[{"count":1,"href":"https:\/\/acontecenafronteira.com.br\/index.php\/wp-json\/wp\/v2\/posts\/31965\/revisions"}],"predecessor-version":[{"id":31972,"href":"https:\/\/acontecenafronteira.com.br\/index.php\/wp-json\/wp\/v2\/posts\/31965\/revisions\/31972"}],"wp:featuredmedia":[{"embeddable":true,"href":"https:\/\/acontecenafronteira.com.br\/index.php\/wp-json\/wp\/v2\/media\/31973"}],"wp:attachment":[{"href":"https:\/\/acontecenafronteira.com.br\/index.php\/wp-json\/wp\/v2\/media?parent=31965"}],"wp:term":[{"taxonomy":"category","embeddable":true,"href":"https:\/\/acontecenafronteira.com.br\/index.php\/wp-json\/wp\/v2\/categories?post=31965"},{"taxonomy":"post_tag","embeddable":true,"href":"https:\/\/acontecenafronteira.com.br\/index.php\/wp-json\/wp\/v2\/tags?post=31965"}],"curies":[{"name":"wp","href":"https:\/\/api.w.org\/{rel}","templated":true}]}}