{"id":31963,"date":"2026-08-30T19:36:45","date_gmt":"2026-08-30T22:36:45","guid":{"rendered":"https:\/\/acontecenafronteira.com.br\/?p=31963"},"modified":"2026-08-30T19:36:45","modified_gmt":"2026-08-30T22:36:45","slug":"temporal-no-interior-de-sp-deixa-desalojados-e-estrago","status":"publish","type":"post","link":"https:\/\/acontecenafronteira.com.br\/index.php\/2026\/08\/30\/temporal-no-interior-de-sp-deixa-desalojados-e-estrago\/","title":{"rendered":"Temporal no interior de SP deixa desalojados e estrago"},"content":{"rendered":"<p>Uma forte tempestade acompanhada de rajadas intensas de vento atingiu munic\u00edpios do interior de S\u00e3o Paulo no \u00faltimo fim de semana, provocando mais de 70 quedas de \u00e1rvores, destelhamentos e deixando dez pessoas desalojadas. De acordo com a Defesa Civil estadual, apesar dos danos materiais e interrup\u00e7\u00f5es no fornecimento de energia el\u00e9trica, n\u00e3o houve registro de feridos.<\/p>\n<h2>Estragos em Palmeira D\u2019Oeste e Promiss\u00e3o<\/h2>\n<p>Em Palmeira D\u2019Oeste, localizada na regi\u00e3o de S\u00e3o Jos\u00e9 do Rio Preto, a ventania de s\u00e1bado comprometeu a estrutura de aproximadamente 20 resid\u00eancias. O temporal deixou dez pessoas desalojadas, que precisaram buscar abrigo na casa de parentes. J\u00e1 em Promiss\u00e3o, na regi\u00e3o de Bauru, a for\u00e7a dos ventos fez com que a cobertura do Est\u00e1dio Municipal Verano Piromalli colapsasse completamente.<\/p>\n<h2>Queda de \u00e1rvores e destelhamentos pelo estado<\/h2>\n<p>Outras cidades paulistas tamb\u00e9m contabilizaram preju\u00edzos severos. No Vale do Para\u00edba, S\u00e3o Luiz do Paraitinga registrou a queda de cerca de 50 \u00e1rvores, concentradas principalmente no bairro Per\u00f3bas e na Estrada Municipal Maur\u00edcio Chiste, atingindo inclusive um im\u00f3vel desocupado.<\/p>\n<p>Em Fl\u00f3rida Paulista, na regi\u00e3o de Presidente Prudente, cerca de 30 moradias sofreram danos nos telhados devido \u00e0 ventania. Enquanto isso, em Itapetininga, quatro quedas de \u00e1rvores foram atendidas em pontos distintos do munic\u00edpio.<\/p>\n<h2>Previs\u00e3o do tempo e alertas para S\u00e3o Paulo<\/h2>\n<p>A Defesa Civil mant\u00e9m o alerta para novas pancadas de chuva isoladas, descargas el\u00e9tricas e rajadas de vento em setores das regi\u00f5es centro, leste e sul paulista. No litoral, o mar permanece agitado com restri\u00e7\u00f5es para a navega\u00e7\u00e3o de pequenas embarca\u00e7\u00f5es, e h\u00e1 previs\u00e3o de nevoeiros na faixa leste durante a madrugada.<\/p>\n<p>Na Regi\u00e3o Metropolitana de S\u00e3o Paulo, um alerta severo foi emitido via Cellbroadcast devido aos temporais que atingiram a zona leste, o ABC Paulista e Embu das Artes. A chegada de uma nova frente fria promete alterar o cen\u00e1rio clim\u00e1tico, trazendo chuvas mais intensas, queda nas temperaturas e risco de alagamentos para o in\u00edcio de setembro.<\/p>\n<p>Por Reda\u00e7\u00e3o Acontece<\/p>\n<p>Reprodu\u00e7\u00e3o\/Defesa Civil de S\u00e3o Paulo<\/p>\n","protected":false},"excerpt":{"rendered":"<p>Uma forte tempestade acompanhada de rajadas intensas de vento atingiu munic\u00edpios do interior de S\u00e3o Paulo no \u00faltimo fim de semana, provocando mais de 70 quedas de \u00e1rvores, destelhamentos e deixando dez pessoas desalojadas. De acordo com a Defesa Civil estadual, apesar dos danos materiais e interrup\u00e7\u00f5es no fornecimento de energia el\u00e9trica, n\u00e3o houve registro [&hellip;]<\/p>\n","protected":false},"author":0,"featured_media":31969,"comment_status":"open","ping_status":"open","sticky":false,"template":"","format":"standard","meta":{"footnotes":""},"categories":[6],"tags":[],"class_list":["post-31963","post","type-post","status-publish","format-standard","has-post-thumbnail","hentry","category-mercosul"],"_links":{"self":[{"href":"https:\/\/acontecenafronteira.com.br\/index.php\/wp-json\/wp\/v2\/posts\/31963","targetHints":{"allow":["GET"]}}],"collection":[{"href":"https:\/\/acontecenafronteira.com.br\/index.php\/wp-json\/wp\/v2\/posts"}],"about":[{"href":"https:\/\/acontecenafronteira.com.br\/index.php\/wp-json\/wp\/v2\/types\/post"}],"replies":[{"embeddable":true,"href":"https:\/\/acontecenafronteira.com.br\/index.php\/wp-json\/wp\/v2\/comments?post=31963"}],"version-history":[{"count":1,"href":"https:\/\/acontecenafronteira.com.br\/index.php\/wp-json\/wp\/v2\/posts\/31963\/revisions"}],"predecessor-version":[{"id":31968,"href":"https:\/\/acontecenafronteira.com.br\/index.php\/wp-json\/wp\/v2\/posts\/31963\/revisions\/31968"}],"wp:featuredmedia":[{"embeddable":true,"href":"https:\/\/acontecenafronteira.com.br\/index.php\/wp-json\/wp\/v2\/media\/31969"}],"wp:attachment":[{"href":"https:\/\/acontecenafronteira.com.br\/index.php\/wp-json\/wp\/v2\/media?parent=31963"}],"wp:term":[{"taxonomy":"category","embeddable":true,"href":"https:\/\/acontecenafronteira.com.br\/index.php\/wp-json\/wp\/v2\/categories?post=31963"},{"taxonomy":"post_tag","embeddable":true,"href":"https:\/\/acontecenafronteira.com.br\/index.php\/wp-json\/wp\/v2\/tags?post=31963"}],"curies":[{"name":"wp","href":"https:\/\/api.w.org\/{rel}","templated":true}]}}