{"id":31962,"date":"2026-08-30T19:36:40","date_gmt":"2026-08-30T22:36:40","guid":{"rendered":"https:\/\/acontecenafronteira.com.br\/?p=31962"},"modified":"2026-08-30T19:36:40","modified_gmt":"2026-08-30T22:36:40","slug":"abc-e-uberlandia-empatam-e-definem-final-na-serie-d-zeroum","status":"publish","type":"post","link":"https:\/\/acontecenafronteira.com.br\/index.php\/2026\/08\/30\/abc-e-uberlandia-empatam-e-definem-final-na-serie-d-zeroum\/","title":{"rendered":"ABC e Uberl\u00e2ndia empatam e definem final na S\u00e9rie D ZeroUm"},"content":{"rendered":"<p>O Uberl\u00e2ndia-MG garantiu sua vaga na grande final da <strong>S\u00e9rie D ZeroUm<\/strong> ap\u00f3s empatar em 1 x 1 com o ABC-RN, neste domingo (30\/8), na Arena das Dunas, localizada em Natal, Rio Grande do Norte.<\/p>\n<h2>Resumo da partida decisiva<\/h2>\n<p>O confronto de volta das semifinais foi marcado por muita emo\u00e7\u00e3o e intensidade em campo, com os dois times buscando a classifica\u00e7\u00e3o para a decis\u00e3o do campeonato.<\/p>\n<h3>A campanha rumo \u00e0 final<\/h3>\n<p>Com o resultado agregado da partida, a equipe mineira levou a melhor e avan\u00e7ou para disputar o t\u00edtulo da competi\u00e7\u00e3o nacional, consolidando sua \u00f3tima fase no torneio.<\/p>\n<p>Os torcedores que n\u00e3o compareceram ao est\u00e1dio puderam acompanhar todas as emo\u00e7\u00f5es do duelo ao vivo atrav\u00e9s da transmiss\u00e3o oficial realizada pela internet.<\/p>\n<p>A cobertura completa do torneio refor\u00e7a o espa\u00e7o dedicado aos torneios nacionais de futebol nas plataformas digitais, aproximando os torcedores de seus clubes de cora\u00e7\u00e3o.<\/p>\n<p>Por Reda\u00e7\u00e3o Acontece<\/p>\n<p>Cr\u00e9ditos da imagem: Divulga\u00e7\u00e3o \/ Metr\u00f3poles Esportes<\/p>\n","protected":false},"excerpt":{"rendered":"<p>O Uberl\u00e2ndia-MG garantiu sua vaga na grande final da S\u00e9rie D ZeroUm ap\u00f3s empatar em 1 x 1 com o ABC-RN, neste domingo (30\/8), na Arena das Dunas, localizada em Natal, Rio Grande do Norte. Resumo da partida decisiva O confronto de volta das semifinais foi marcado por muita emo\u00e7\u00e3o e intensidade em campo, com [&hellip;]<\/p>\n","protected":false},"author":0,"featured_media":31967,"comment_status":"open","ping_status":"open","sticky":false,"template":"","format":"standard","meta":{"footnotes":""},"categories":[6],"tags":[],"class_list":["post-31962","post","type-post","status-publish","format-standard","has-post-thumbnail","hentry","category-mercosul"],"_links":{"self":[{"href":"https:\/\/acontecenafronteira.com.br\/index.php\/wp-json\/wp\/v2\/posts\/31962","targetHints":{"allow":["GET"]}}],"collection":[{"href":"https:\/\/acontecenafronteira.com.br\/index.php\/wp-json\/wp\/v2\/posts"}],"about":[{"href":"https:\/\/acontecenafronteira.com.br\/index.php\/wp-json\/wp\/v2\/types\/post"}],"replies":[{"embeddable":true,"href":"https:\/\/acontecenafronteira.com.br\/index.php\/wp-json\/wp\/v2\/comments?post=31962"}],"version-history":[{"count":1,"href":"https:\/\/acontecenafronteira.com.br\/index.php\/wp-json\/wp\/v2\/posts\/31962\/revisions"}],"predecessor-version":[{"id":31966,"href":"https:\/\/acontecenafronteira.com.br\/index.php\/wp-json\/wp\/v2\/posts\/31962\/revisions\/31966"}],"wp:featuredmedia":[{"embeddable":true,"href":"https:\/\/acontecenafronteira.com.br\/index.php\/wp-json\/wp\/v2\/media\/31967"}],"wp:attachment":[{"href":"https:\/\/acontecenafronteira.com.br\/index.php\/wp-json\/wp\/v2\/media?parent=31962"}],"wp:term":[{"taxonomy":"category","embeddable":true,"href":"https:\/\/acontecenafronteira.com.br\/index.php\/wp-json\/wp\/v2\/categories?post=31962"},{"taxonomy":"post_tag","embeddable":true,"href":"https:\/\/acontecenafronteira.com.br\/index.php\/wp-json\/wp\/v2\/tags?post=31962"}],"curies":[{"name":"wp","href":"https:\/\/api.w.org\/{rel}","templated":true}]}}