{"id":31953,"date":"2026-08-30T19:36:36","date_gmt":"2026-08-30T22:36:36","guid":{"rendered":"https:\/\/acontecenafronteira.com.br\/?p=31953"},"modified":"2026-08-30T19:36:36","modified_gmt":"2026-08-30T22:36:36","slug":"gilmar-mendes-proibe-cobranca-de-sindicato-a-juizes","status":"publish","type":"post","link":"https:\/\/acontecenafronteira.com.br\/index.php\/2026\/08\/30\/gilmar-mendes-proibe-cobranca-de-sindicato-a-juizes\/","title":{"rendered":"Gilmar Mendes pro\u00edbe cobran\u00e7a de sindicato a ju\u00edzes"},"content":{"rendered":"<p>O ministro Gilmar Mendes, integrante do Supremo Tribunal Federal, emitiu uma liminar proibindo que o Sindicato dos Magistrados do Brasil exija taxas de ju\u00edzes e desembargadores que n\u00e3o sejam filiados \u00e0 institui\u00e7\u00e3o.<\/p>\n<h2>O conflito judicial no Supremo<\/h2>\n<p>A determina\u00e7\u00e3o do magistrado tem car\u00e1ter tempor\u00e1rio e vigorar\u00e1 at\u00e9 que o plen\u00e1rio da Corte decida se a pr\u00f3pria cria\u00e7\u00e3o de sindicatos para ju\u00edzes \u00e9 permitida pela Constitui\u00e7\u00e3o e se essas entidades possuem o direito de cobrar valores de profissionais que n\u00e3o integram o quadro de associados.<\/p>\n<p>A quest\u00e3o chegou ao Supremo Tribunal Federal por meio de uma a\u00e7\u00e3o ajuizada pela Associa\u00e7\u00e3o dos Magistrados Brasileiros contra a Uni\u00e3o e a entidade sindical rec\u00e9m-criada.<\/p>\n<h2>Controv\u00e9rsia sobre a legalidade<\/h2>\n<p>Fundado em janeiro por meio de uma portaria do Minist\u00e9rio do Trabalho, o Sindimagis \u00e9 considerado ilegal e inconstitucional pela associa\u00e7\u00e3o representativa tradicional. A argumenta\u00e7\u00e3o jur\u00eddica aponta que os magistrados possuem um estatuto constitucional pr\u00f3prio, o que impediria a sindicaliza\u00e7\u00e3o da carreira.<\/p>\n<p>A controv\u00e9rsia ganhou urg\u00eancia ap\u00f3s a convoca\u00e7\u00e3o de uma assembleia geral virtual pelo sindicato para instituir uma taxa assistencial extensiva aos n\u00e3o associados, medida que, segundo a associa\u00e7\u00e3o autora da a\u00e7\u00e3o, violaria a liberdade de filia\u00e7\u00e3o ao exigir anu\u00eancia pr\u00e9via.<\/p>\n<h2>Posicionamento do relator<\/h2>\n<p>Diante do risco de cobran\u00e7as indevidas, a entidade solicitou ao tribunal a anula\u00e7\u00e3o do registro sindical ou a garantia de que as decis\u00f5es da nova organiza\u00e7\u00e3o n\u00e3o afetassem os magistrados independentes.<\/p>\n<p>Ao avaliar o pedido, o decano do STF destacou a necessidade de manter a estabilidade da situa\u00e7\u00e3o jur\u00eddica at\u00e9 a an\u00e1lise definitiva do m\u00e9rito. O ministro enfatizou que existem d\u00favidas consider\u00e1veis sobre a harmonia entre o regime constitucional da magistratura e o modelo de representa\u00e7\u00e3o sindical, embora tenha ressaltado que seu entendimento atual n\u00e3o antecipa o voto final no julgamento.<\/p>\n<p>Por Reda\u00e7\u00e3o Acontece<\/p>\n<p>Imagem: Divulga\u00e7\u00e3o \/ STF<\/p>\n","protected":false},"excerpt":{"rendered":"<p>O ministro Gilmar Mendes, integrante do Supremo Tribunal Federal, emitiu uma liminar proibindo que o Sindicato dos Magistrados do Brasil exija taxas de ju\u00edzes e desembargadores que n\u00e3o sejam filiados \u00e0 institui\u00e7\u00e3o. O conflito judicial no Supremo A determina\u00e7\u00e3o do magistrado tem car\u00e1ter tempor\u00e1rio e vigorar\u00e1 at\u00e9 que o plen\u00e1rio da Corte decida se a [&hellip;]<\/p>\n","protected":false},"author":0,"featured_media":31961,"comment_status":"open","ping_status":"open","sticky":false,"template":"","format":"standard","meta":{"footnotes":""},"categories":[28],"tags":[],"class_list":["post-31953","post","type-post","status-publish","format-standard","has-post-thumbnail","hentry","category-mundo"],"_links":{"self":[{"href":"https:\/\/acontecenafronteira.com.br\/index.php\/wp-json\/wp\/v2\/posts\/31953","targetHints":{"allow":["GET"]}}],"collection":[{"href":"https:\/\/acontecenafronteira.com.br\/index.php\/wp-json\/wp\/v2\/posts"}],"about":[{"href":"https:\/\/acontecenafronteira.com.br\/index.php\/wp-json\/wp\/v2\/types\/post"}],"replies":[{"embeddable":true,"href":"https:\/\/acontecenafronteira.com.br\/index.php\/wp-json\/wp\/v2\/comments?post=31953"}],"version-history":[{"count":1,"href":"https:\/\/acontecenafronteira.com.br\/index.php\/wp-json\/wp\/v2\/posts\/31953\/revisions"}],"predecessor-version":[{"id":31960,"href":"https:\/\/acontecenafronteira.com.br\/index.php\/wp-json\/wp\/v2\/posts\/31953\/revisions\/31960"}],"wp:featuredmedia":[{"embeddable":true,"href":"https:\/\/acontecenafronteira.com.br\/index.php\/wp-json\/wp\/v2\/media\/31961"}],"wp:attachment":[{"href":"https:\/\/acontecenafronteira.com.br\/index.php\/wp-json\/wp\/v2\/media?parent=31953"}],"wp:term":[{"taxonomy":"category","embeddable":true,"href":"https:\/\/acontecenafronteira.com.br\/index.php\/wp-json\/wp\/v2\/categories?post=31953"},{"taxonomy":"post_tag","embeddable":true,"href":"https:\/\/acontecenafronteira.com.br\/index.php\/wp-json\/wp\/v2\/tags?post=31953"}],"curies":[{"name":"wp","href":"https:\/\/api.w.org\/{rel}","templated":true}]}}