{"id":31952,"date":"2026-08-30T19:36:30","date_gmt":"2026-08-30T22:36:30","guid":{"rendered":"https:\/\/acontecenafronteira.com.br\/?p=31952"},"modified":"2026-08-30T19:36:30","modified_gmt":"2026-08-30T22:36:30","slug":"laudo-medico-contradiz-ex-miss-destituida-por-gravidez-no-es","status":"publish","type":"post","link":"https:\/\/acontecenafronteira.com.br\/index.php\/2026\/08\/30\/laudo-medico-contradiz-ex-miss-destituida-por-gravidez-no-es\/","title":{"rendered":"Laudo m\u00e9dico contradiz ex-miss destitu\u00edda por gravidez no ES"},"content":{"rendered":"<p>Um laudo m\u00e9dico anexado pela pr\u00f3pria modelo Lara Marina Soares Tosta desmente a vers\u00e3o de que ela desconhecia a gravidez antes de competir no exterior, apontando que a gesta\u00e7\u00e3o j\u00e1 estava em curso meses antes do evento.<\/p>\n<h2>A pol\u00eamica do t\u00edtulo nacional e o documento revelador<\/h2>\n<p>A pol\u00eamica come\u00e7ou quando a jovem de 20 anos perdeu a faixa e o posto de Miss Brasil Supranational 2026, gerando um debate nacional. Enquanto a defesa da modelo alegava que a descoberta ocorreu apenas ap\u00f3s o retorno da Pol\u00f4nia, onde ela conquistou o terceiro lugar na etapa mundial, registros de ultrassonografia realizados no Esp\u00edrito Santo indicam um tempo gestacional incompat\u00edvel com essa vers\u00e3o.<\/p>\n<p>O exame, feito em abril, mostrava um tempo estimado de sete semanas, antecedendo a viagem internacional que ocorreu em julho. A franquia brasileira respons\u00e1vel pela competi\u00e7\u00e3o argumenta que a perda do t\u00edtulo ocorreu devido ao descumprimento de cl\u00e1usulas contratuais, e n\u00e3o exclusivamente pela maternidade.<\/p>\n<h2>Regras contratuais e quebras de acordo<\/h2>\n<h2>Novas diretrizes e repercuss\u00e3o na sa\u00fade<\/h2>\n<p>De acordo com as diretrizes contratuais da franquia, candidatas gr\u00e1vidas n\u00e3o podem participar das etapas de prepara\u00e7\u00e3o e disputa, regra estabelecida para preservar a integridade f\u00edsica diante da intensa rotina de compromissos. Al\u00e9m disso, a entidade apontou falhas na comunica\u00e7\u00e3o e altera\u00e7\u00f5es n\u00e3o autorizadas em figurinos oficiais durante o evento na Europa.<\/p>\n<p>Ap\u00f3s a repercuss\u00e3o da perda do t\u00edtulo, que passou a ser ocupado pela catarinense Camilly Ceccon, a modelo foi internada em um hospital em Vit\u00f3ria. Enquanto boletins oficiais apontam estabilidade, familiares relatam preocupa\u00e7\u00e3o com o n\u00edvel de estresse decorrente da pol\u00eamica.<\/p>\n<p>Por Reda\u00e7\u00e3o Acontece<\/p>\n<p>Cr\u00e9ditos da imagem: Divulga\u00e7\u00e3o\/Redes Sociais<\/p>\n","protected":false},"excerpt":{"rendered":"<p>Um laudo m\u00e9dico anexado pela pr\u00f3pria modelo Lara Marina Soares Tosta desmente a vers\u00e3o de que ela desconhecia a gravidez antes de competir no exterior, apontando que a gesta\u00e7\u00e3o j\u00e1 estava em curso meses antes do evento. A pol\u00eamica do t\u00edtulo nacional e o documento revelador A pol\u00eamica come\u00e7ou quando a jovem de 20 anos [&hellip;]<\/p>\n","protected":false},"author":0,"featured_media":31959,"comment_status":"open","ping_status":"open","sticky":false,"template":"","format":"standard","meta":{"footnotes":""},"categories":[28],"tags":[],"class_list":["post-31952","post","type-post","status-publish","format-standard","has-post-thumbnail","hentry","category-mundo"],"_links":{"self":[{"href":"https:\/\/acontecenafronteira.com.br\/index.php\/wp-json\/wp\/v2\/posts\/31952","targetHints":{"allow":["GET"]}}],"collection":[{"href":"https:\/\/acontecenafronteira.com.br\/index.php\/wp-json\/wp\/v2\/posts"}],"about":[{"href":"https:\/\/acontecenafronteira.com.br\/index.php\/wp-json\/wp\/v2\/types\/post"}],"replies":[{"embeddable":true,"href":"https:\/\/acontecenafronteira.com.br\/index.php\/wp-json\/wp\/v2\/comments?post=31952"}],"version-history":[{"count":1,"href":"https:\/\/acontecenafronteira.com.br\/index.php\/wp-json\/wp\/v2\/posts\/31952\/revisions"}],"predecessor-version":[{"id":31958,"href":"https:\/\/acontecenafronteira.com.br\/index.php\/wp-json\/wp\/v2\/posts\/31952\/revisions\/31958"}],"wp:featuredmedia":[{"embeddable":true,"href":"https:\/\/acontecenafronteira.com.br\/index.php\/wp-json\/wp\/v2\/media\/31959"}],"wp:attachment":[{"href":"https:\/\/acontecenafronteira.com.br\/index.php\/wp-json\/wp\/v2\/media?parent=31952"}],"wp:term":[{"taxonomy":"category","embeddable":true,"href":"https:\/\/acontecenafronteira.com.br\/index.php\/wp-json\/wp\/v2\/categories?post=31952"},{"taxonomy":"post_tag","embeddable":true,"href":"https:\/\/acontecenafronteira.com.br\/index.php\/wp-json\/wp\/v2\/tags?post=31952"}],"curies":[{"name":"wp","href":"https:\/\/api.w.org\/{rel}","templated":true}]}}