{"id":31950,"date":"2026-08-30T19:36:20","date_gmt":"2026-08-30T22:36:20","guid":{"rendered":"https:\/\/acontecenafronteira.com.br\/?p=31950"},"modified":"2026-08-30T19:36:20","modified_gmt":"2026-08-30T22:36:20","slug":"carla-madeira-conheca-o-ritual-de-autografo-da-autora","status":"publish","type":"post","link":"https:\/\/acontecenafronteira.com.br\/index.php\/2026\/08\/30\/carla-madeira-conheca-o-ritual-de-autografo-da-autora\/","title":{"rendered":"Carla Madeira: conhe\u00e7a o ritual de aut\u00f3grafo da autora"},"content":{"rendered":"<p>A mineira Carla Madeira, reconhecida como a autora de fic\u00e7\u00e3o mais vendida do pa\u00eds, adotou um m\u00e9todo singular e marcante para assinar suas obras liter\u00e1rias durante os encontros com os leitores.<\/p>\n<h2>A famosa bolsinha de aut\u00f3grafos<\/h2>\n<p>Com o lan\u00e7amento recente de seu quarto romance, intitulado &#8220;Quando&#8221; e publicado pela editora Record, a escritora circula pelos eventos carregando consigo uma sacola de tecido que apelidou carinhosamente de bolsinha de aut\u00f3grafos.<\/p>\n<p>Dentro desse acess\u00f3rio, a romancista guarda um item indispens\u00e1vel: um carimbo exclusivo desenhado no formato de um ramo de alecrim, que \u00e9 pressionado nas p\u00e1ginas para personalizar cada exemplar entregue ao p\u00fablico.<\/p>\n<h2>Inspira\u00e7\u00e3o familiar e homenagem po\u00e9tica<\/h2>\n<p>A escolha do s\u00edmbolo bot\u00e2nico remete diretamente a uma passagem espec\u00edfica do novo enredo, que foi fortemente influenciada pelo carinho especial que sua m\u00e3e nutria pelas plantas ao longo da vida.<\/p>\n<p>Em tom descontra\u00eddo, a romancista costuma brincar com a refer\u00eancia liter\u00e1ria ao associar o desenho \u00e0 obra cl\u00e1ssica, fazendo men\u00e7\u00e3o bem-humorada ao verso adaptado sobre o elemento verde cruzar o trajeto dos leitores.<\/p>\n<h2>Detalhes do enredo e sucesso imediato<\/h2>\n<p>O rec\u00e9m-lan\u00e7ado livro tem como protagonista a matriarca Viridiana, personagem que carrega tra\u00e7os marcantes e inspira\u00e7\u00f5es diretas baseadas em dona Irlanda, genitora da criadora.<\/p>\n<p>Inclusive, a figura central da trama convive com a mesma condi\u00e7\u00e3o m\u00e9dica enfrentada pela m\u00e3e da escritora em vida: a mastocitose, enfermidade caracterizada pelo ac\u00famulo anormal de c\u00e9lulas do sistema imunol\u00f3gico na pele ou em \u00f3rg\u00e3os internos, provocando quadros de dores intensas.<\/p>\n<p>Disponibilizada ao p\u00fablico no dia 14, a narrativa alcan\u00e7ou o topo do ranking de fic\u00e7\u00e3o mais comercializada do Brasil em apenas duas semanas, conforme o levantamento oficial divulgado pelo portal especializado PublishNews.<\/p>\n<p>Por Reda\u00e7\u00e3o Acontece<\/p>\n<p>Foto: Maria Fortuna \/ Divulga\u00e7\u00e3o<\/p>\n","protected":false},"excerpt":{"rendered":"<p>A mineira Carla Madeira, reconhecida como a autora de fic\u00e7\u00e3o mais vendida do pa\u00eds, adotou um m\u00e9todo singular e marcante para assinar suas obras liter\u00e1rias durante os encontros com os leitores. A famosa bolsinha de aut\u00f3grafos Com o lan\u00e7amento recente de seu quarto romance, intitulado &#8220;Quando&#8221; e publicado pela editora Record, a escritora circula pelos [&hellip;]<\/p>\n","protected":false},"author":0,"featured_media":31955,"comment_status":"open","ping_status":"open","sticky":false,"template":"","format":"standard","meta":{"footnotes":""},"categories":[28],"tags":[],"class_list":["post-31950","post","type-post","status-publish","format-standard","has-post-thumbnail","hentry","category-mundo"],"_links":{"self":[{"href":"https:\/\/acontecenafronteira.com.br\/index.php\/wp-json\/wp\/v2\/posts\/31950","targetHints":{"allow":["GET"]}}],"collection":[{"href":"https:\/\/acontecenafronteira.com.br\/index.php\/wp-json\/wp\/v2\/posts"}],"about":[{"href":"https:\/\/acontecenafronteira.com.br\/index.php\/wp-json\/wp\/v2\/types\/post"}],"replies":[{"embeddable":true,"href":"https:\/\/acontecenafronteira.com.br\/index.php\/wp-json\/wp\/v2\/comments?post=31950"}],"version-history":[{"count":1,"href":"https:\/\/acontecenafronteira.com.br\/index.php\/wp-json\/wp\/v2\/posts\/31950\/revisions"}],"predecessor-version":[{"id":31954,"href":"https:\/\/acontecenafronteira.com.br\/index.php\/wp-json\/wp\/v2\/posts\/31950\/revisions\/31954"}],"wp:featuredmedia":[{"embeddable":true,"href":"https:\/\/acontecenafronteira.com.br\/index.php\/wp-json\/wp\/v2\/media\/31955"}],"wp:attachment":[{"href":"https:\/\/acontecenafronteira.com.br\/index.php\/wp-json\/wp\/v2\/media?parent=31950"}],"wp:term":[{"taxonomy":"category","embeddable":true,"href":"https:\/\/acontecenafronteira.com.br\/index.php\/wp-json\/wp\/v2\/categories?post=31950"},{"taxonomy":"post_tag","embeddable":true,"href":"https:\/\/acontecenafronteira.com.br\/index.php\/wp-json\/wp\/v2\/tags?post=31950"}],"curies":[{"name":"wp","href":"https:\/\/api.w.org\/{rel}","templated":true}]}}