{"id":31944,"date":"2026-08-30T19:36:13","date_gmt":"2026-08-30T22:36:13","guid":{"rendered":"https:\/\/acontecenafronteira.com.br\/?p=31944"},"modified":"2026-08-30T19:36:13","modified_gmt":"2026-08-30T22:36:13","slug":"flamengo-e-botafogo-onde-assistir-ao-classico-carioca-no-brasileirao","status":"publish","type":"post","link":"https:\/\/acontecenafronteira.com.br\/index.php\/2026\/08\/30\/flamengo-e-botafogo-onde-assistir-ao-classico-carioca-no-brasileirao\/","title":{"rendered":"Flamengo e Botafogo: onde assistir ao cl\u00e1ssico carioca no Brasileir\u00e3o"},"content":{"rendered":"<p>O Est\u00e1dio do Maracan\u00e3 ser\u00e1 o palco de um dos confrontos mais aguardados da 25\u00aa rodada do <strong>Campeonato Brasileiro<\/strong>, agendado para este domingo (30). Frente a frente estar\u00e3o <strong>Flamengo e Botafogo<\/strong>, em um cl\u00e1ssico carioca que promete movimentar a parte de cima da tabela de classifica\u00e7\u00e3o e atrair a aten\u00e7\u00e3o de torcedores em todo o pa\u00eds.<\/p>\n<h2>Expectativa em torno do cl\u00e1ssico carioca<\/h2>\n<p>As duas equipes chegam para este compromisso com objetivos claros na competi\u00e7\u00e3o nacional. Enquanto o <strong>rubro-negro<\/strong> busca consolidar sua posi\u00e7\u00e3o entre os primeiros colocados, o <strong>alvinegro<\/strong> tenta somar pontos preciosos fora de casa para alcan\u00e7ar suas metas no torneio.<\/p>\n<p>A rivalidade hist\u00f3rica entre os clubes adiciona ainda mais emo\u00e7\u00e3o a esta partida v\u00e1lida pelo <strong>Brasileir\u00e3o<\/strong>, transformando os noventa minutos em um verdadeiro teste de fogo para ambos os elencos.<\/p>\n<h2>Onde assistir Flamengo e Botafogo ao vivo<\/h2>\n<p>Para os torcedores que n\u00e3o puderem comparecer ao templo do futebol carioca, a transmiss\u00e3o ao vivo estar\u00e1 garantida pelos principais canais esportivos e plataformas de streaming que det\u00eam os direitos de exibi\u00e7\u00e3o do <strong>futebol nacional<\/strong>. A cobertura pr\u00e9-jogo come\u00e7a horas antes do apito inicial, trazendo a an\u00e1lise dos especialistas e a escala\u00e7\u00e3o oficial dos times.<\/p>\n<p>Com ingredientes de sobra para um grande espet\u00e1culo, o duelo deste fim de semana tem tudo para prender a aten\u00e7\u00e3o do p\u00fablico do in\u00edcio ao fim, mantendo viva a disputa acirrada pelo t\u00edtulo e pelas vagas nas principais competi\u00e7\u00f5es continentais da pr\u00f3xima temporada.<\/p>\n<p>Por Reda\u00e7\u00e3o Acontece<\/p>\n<p>Cr\u00e9ditos da imagem: Divulga\u00e7\u00e3o \/ Staff Images<\/p>\n","protected":false},"excerpt":{"rendered":"<p>O Est\u00e1dio do Maracan\u00e3 ser\u00e1 o palco de um dos confrontos mais aguardados da 25\u00aa rodada do Campeonato Brasileiro, agendado para este domingo (30). Frente a frente estar\u00e3o Flamengo e Botafogo, em um cl\u00e1ssico carioca que promete movimentar a parte de cima da tabela de classifica\u00e7\u00e3o e atrair a aten\u00e7\u00e3o de torcedores em todo o [&hellip;]<\/p>\n","protected":false},"author":0,"featured_media":31949,"comment_status":"open","ping_status":"open","sticky":false,"template":"","format":"standard","meta":{"footnotes":""},"categories":[18],"tags":[],"class_list":["post-31944","post","type-post","status-publish","format-standard","has-post-thumbnail","hentry","category-parana"],"_links":{"self":[{"href":"https:\/\/acontecenafronteira.com.br\/index.php\/wp-json\/wp\/v2\/posts\/31944","targetHints":{"allow":["GET"]}}],"collection":[{"href":"https:\/\/acontecenafronteira.com.br\/index.php\/wp-json\/wp\/v2\/posts"}],"about":[{"href":"https:\/\/acontecenafronteira.com.br\/index.php\/wp-json\/wp\/v2\/types\/post"}],"replies":[{"embeddable":true,"href":"https:\/\/acontecenafronteira.com.br\/index.php\/wp-json\/wp\/v2\/comments?post=31944"}],"version-history":[{"count":1,"href":"https:\/\/acontecenafronteira.com.br\/index.php\/wp-json\/wp\/v2\/posts\/31944\/revisions"}],"predecessor-version":[{"id":31948,"href":"https:\/\/acontecenafronteira.com.br\/index.php\/wp-json\/wp\/v2\/posts\/31944\/revisions\/31948"}],"wp:featuredmedia":[{"embeddable":true,"href":"https:\/\/acontecenafronteira.com.br\/index.php\/wp-json\/wp\/v2\/media\/31949"}],"wp:attachment":[{"href":"https:\/\/acontecenafronteira.com.br\/index.php\/wp-json\/wp\/v2\/media?parent=31944"}],"wp:term":[{"taxonomy":"category","embeddable":true,"href":"https:\/\/acontecenafronteira.com.br\/index.php\/wp-json\/wp\/v2\/categories?post=31944"},{"taxonomy":"post_tag","embeddable":true,"href":"https:\/\/acontecenafronteira.com.br\/index.php\/wp-json\/wp\/v2\/tags?post=31944"}],"curies":[{"name":"wp","href":"https:\/\/api.w.org\/{rel}","templated":true}]}}