{"id":31943,"date":"2026-08-30T19:36:09","date_gmt":"2026-08-30T22:36:09","guid":{"rendered":"https:\/\/acontecenafronteira.com.br\/?p=31943"},"modified":"2026-08-30T19:36:09","modified_gmt":"2026-08-30T22:36:09","slug":"gre-nal-gremio-e-internacional-entram-em-campo-neste-domingo","status":"publish","type":"post","link":"https:\/\/acontecenafronteira.com.br\/index.php\/2026\/08\/30\/gre-nal-gremio-e-internacional-entram-em-campo-neste-domingo\/","title":{"rendered":"Gre-Nal: Gr\u00eamio e Internacional entram em campo neste domingo"},"content":{"rendered":"<p>A dupla <strong>Gre-Nal<\/strong> volta a campo neste domingo para compromissos v\u00e1lidos pelo <strong>Campeonato Brasileiro<\/strong>, apenas poucos dias ap\u00f3s o \u00faltimo confronto direto disputado na \u00faltima quinta-feira, que terminou empatado.<\/p>\n<h2>Desafios antes do mata-mata<\/h2>\n<p>O Internacional tem um compromisso marcado para as 16h, atuando fora de seus dom\u00ednios, com o objetivo de somar pontos importantes na tabela de classifica\u00e7\u00e3o da competi\u00e7\u00e3o nacional.<\/p>\n<h2>Agenda tricolor no Brasileir\u00e3o<\/h2>\n<p>Mais tarde, \u00e0s 18h30, ser\u00e1 a vez do Gr\u00eamio atuar como mandante em seu est\u00e1dio, buscando o apoio de sua torcida para embalar no torneio e ganhar confian\u00e7a para a sequ\u00eancia da temporada.<\/p>\n<p>As partidas deste final de semana servem como testes cruciais para os dois clubes ga\u00fachos, que dividem as aten\u00e7\u00f5es entre a reabilita\u00e7\u00e3o no campeonato de pontos corridos e a prepara\u00e7\u00e3o f\u00edsica dos atletas.<\/p>\n<h2>Foco na Copa do Brasil<\/h2>\n<p>A movimenta\u00e7\u00e3o deste domingo antecede o decisivo cl\u00e1ssico eliminat\u00f3rio v\u00e1lido pela <strong>Copa do Brasil<\/strong>, competi\u00e7\u00e3o que promete a m\u00e1xima intensidade entre os maiores rivais do estado.<\/p>\n<p>Com calend\u00e1rios apertados e a necessidade de rodar o elenco, as comiss\u00f5es t\u00e9cnicas avaliam cuidadosamente o desgaste f\u00edsico dos jogadores para evitar les\u00f5es antes do confronto eliminat\u00f3rio.<\/p>\n<p>A expectativa da torcida \u00e9 grande para ver como os times se comportar\u00e3o nos duelos deste fim de semana, que servir\u00e3o de term\u00f4metro para o cl\u00e1ssico decisivo que se aproxima no meio da semana.<\/p>\n<p>Por Reda\u00e7\u00e3o Acontece<\/p>\n<p>Cr\u00e9ditos da imagem: Divulga\u00e7\u00e3o \/ CBF<\/p>\n","protected":false},"excerpt":{"rendered":"<p>A dupla Gre-Nal volta a campo neste domingo para compromissos v\u00e1lidos pelo Campeonato Brasileiro, apenas poucos dias ap\u00f3s o \u00faltimo confronto direto disputado na \u00faltima quinta-feira, que terminou empatado. Desafios antes do mata-mata O Internacional tem um compromisso marcado para as 16h, atuando fora de seus dom\u00ednios, com o objetivo de somar pontos importantes na [&hellip;]<\/p>\n","protected":false},"author":0,"featured_media":31947,"comment_status":"open","ping_status":"open","sticky":false,"template":"","format":"standard","meta":{"footnotes":""},"categories":[18],"tags":[],"class_list":["post-31943","post","type-post","status-publish","format-standard","has-post-thumbnail","hentry","category-parana"],"_links":{"self":[{"href":"https:\/\/acontecenafronteira.com.br\/index.php\/wp-json\/wp\/v2\/posts\/31943","targetHints":{"allow":["GET"]}}],"collection":[{"href":"https:\/\/acontecenafronteira.com.br\/index.php\/wp-json\/wp\/v2\/posts"}],"about":[{"href":"https:\/\/acontecenafronteira.com.br\/index.php\/wp-json\/wp\/v2\/types\/post"}],"replies":[{"embeddable":true,"href":"https:\/\/acontecenafronteira.com.br\/index.php\/wp-json\/wp\/v2\/comments?post=31943"}],"version-history":[{"count":1,"href":"https:\/\/acontecenafronteira.com.br\/index.php\/wp-json\/wp\/v2\/posts\/31943\/revisions"}],"predecessor-version":[{"id":31946,"href":"https:\/\/acontecenafronteira.com.br\/index.php\/wp-json\/wp\/v2\/posts\/31943\/revisions\/31946"}],"wp:featuredmedia":[{"embeddable":true,"href":"https:\/\/acontecenafronteira.com.br\/index.php\/wp-json\/wp\/v2\/media\/31947"}],"wp:attachment":[{"href":"https:\/\/acontecenafronteira.com.br\/index.php\/wp-json\/wp\/v2\/media?parent=31943"}],"wp:term":[{"taxonomy":"category","embeddable":true,"href":"https:\/\/acontecenafronteira.com.br\/index.php\/wp-json\/wp\/v2\/categories?post=31943"},{"taxonomy":"post_tag","embeddable":true,"href":"https:\/\/acontecenafronteira.com.br\/index.php\/wp-json\/wp\/v2\/tags?post=31943"}],"curies":[{"name":"wp","href":"https:\/\/api.w.org\/{rel}","templated":true}]}}