{"id":31920,"date":"2026-08-30T19:31:13","date_gmt":"2026-08-30T22:31:13","guid":{"rendered":"https:\/\/acontecenafronteira.com.br\/?p=31920"},"modified":"2026-08-30T19:31:13","modified_gmt":"2026-08-30T22:31:13","slug":"pedro-piquet-vence-o-meet-brazil-racing-no-autodromo-de-brasilia","status":"publish","type":"post","link":"https:\/\/acontecenafronteira.com.br\/index.php\/2026\/08\/30\/pedro-piquet-vence-o-meet-brazil-racing-no-autodromo-de-brasilia\/","title":{"rendered":"Pedro Piquet vence o Meet Brazil Racing no Aut\u00f3dromo de Bras\u00edlia"},"content":{"rendered":"<p>O Aut\u00f3dromo de Bras\u00edlia voltou a receber grandes competi\u00e7\u00f5es de automobilismo ap\u00f3s 11 anos de paralisa\u00e7\u00e3o, sendo palco da 12\u00aa edi\u00e7\u00e3o do <strong>Meet Brazil Racing<\/strong>. Nascido de uma iniciativa entre amigos no Distrito Federal, o evento ganhou propor\u00e7\u00e3o internacional e consagrou um vencedor da casa: <strong>Pedro Piquet<\/strong>, filho do tricampe\u00e3o mundial de F\u00f3rmula 1 Nelson Piquet, levantou o trof\u00e9u principal da disputa.<\/p>\n<h2>A conquista hist\u00f3rica em Bras\u00edlia<\/h2>\n<p>Pilotando uma <strong>McLaren 765 LT<\/strong> preparada pela equipe 61 MotorSport, Pedro Piquet cravou o tempo impressionante de 1min54seg771 logo no primeiro dia de treinos, na sexta-feira (28\/8). Nenhum dos outros competidores conseguiu superar a marca durante todo o restante do fim de semana. Ap\u00f3s a vit\u00f3ria, o piloto celebrou o momento especial: \u201cNada mais justo do que ficar em primeiro no aut\u00f3dromo que leva o nome do meu pai\u201d.<\/p>\n<h2>P\u00f3dio e desafios na pista<\/h2>\n<p>A segunda coloca\u00e7\u00e3o da competi\u00e7\u00e3o ficou com os irm\u00e3os Lemke, vindos de Santa Catarina, que completaram o tra\u00e7ado em 1min56seg800. J\u00e1 o terceiro lugar foi ocupado por <strong>Luiz Baptista<\/strong>, conhecido como Batistinha, vencedor das \u00faltimas tr\u00eas edi\u00e7\u00f5es do torneio. O piloto paulista marcou o tempo de 1min57seg671, mas acabou ficando de fora do restante da prova ap\u00f3s seu carro apresentar uma quebra mec\u00e2nica logo no in\u00edcio do dia.<\/p>\n<p>Por Reda\u00e7\u00e3o Acontece<\/p>\n<p>Lucas da Silva Wulhynek\/MBR<\/p>\n","protected":false},"excerpt":{"rendered":"<p>O Aut\u00f3dromo de Bras\u00edlia voltou a receber grandes competi\u00e7\u00f5es de automobilismo ap\u00f3s 11 anos de paralisa\u00e7\u00e3o, sendo palco da 12\u00aa edi\u00e7\u00e3o do Meet Brazil Racing. Nascido de uma iniciativa entre amigos no Distrito Federal, o evento ganhou propor\u00e7\u00e3o internacional e consagrou um vencedor da casa: Pedro Piquet, filho do tricampe\u00e3o mundial de F\u00f3rmula 1 Nelson [&hellip;]<\/p>\n","protected":false},"author":2,"featured_media":31927,"comment_status":"open","ping_status":"open","sticky":false,"template":"","format":"standard","meta":{"footnotes":""},"categories":[6],"tags":[],"class_list":["post-31920","post","type-post","status-publish","format-standard","has-post-thumbnail","hentry","category-mercosul"],"_links":{"self":[{"href":"https:\/\/acontecenafronteira.com.br\/index.php\/wp-json\/wp\/v2\/posts\/31920","targetHints":{"allow":["GET"]}}],"collection":[{"href":"https:\/\/acontecenafronteira.com.br\/index.php\/wp-json\/wp\/v2\/posts"}],"about":[{"href":"https:\/\/acontecenafronteira.com.br\/index.php\/wp-json\/wp\/v2\/types\/post"}],"author":[{"embeddable":true,"href":"https:\/\/acontecenafronteira.com.br\/index.php\/wp-json\/wp\/v2\/users\/2"}],"replies":[{"embeddable":true,"href":"https:\/\/acontecenafronteira.com.br\/index.php\/wp-json\/wp\/v2\/comments?post=31920"}],"version-history":[{"count":1,"href":"https:\/\/acontecenafronteira.com.br\/index.php\/wp-json\/wp\/v2\/posts\/31920\/revisions"}],"predecessor-version":[{"id":31926,"href":"https:\/\/acontecenafronteira.com.br\/index.php\/wp-json\/wp\/v2\/posts\/31920\/revisions\/31926"}],"wp:featuredmedia":[{"embeddable":true,"href":"https:\/\/acontecenafronteira.com.br\/index.php\/wp-json\/wp\/v2\/media\/31927"}],"wp:attachment":[{"href":"https:\/\/acontecenafronteira.com.br\/index.php\/wp-json\/wp\/v2\/media?parent=31920"}],"wp:term":[{"taxonomy":"category","embeddable":true,"href":"https:\/\/acontecenafronteira.com.br\/index.php\/wp-json\/wp\/v2\/categories?post=31920"},{"taxonomy":"post_tag","embeddable":true,"href":"https:\/\/acontecenafronteira.com.br\/index.php\/wp-json\/wp\/v2\/tags?post=31920"}],"curies":[{"name":"wp","href":"https:\/\/api.w.org\/{rel}","templated":true}]}}